{"id":1091,"date":"2025-11-28T21:23:21","date_gmt":"2025-11-28T20:23:21","guid":{"rendered":"https:\/\/ea-velbert.de\/?p=1091"},"modified":"2025-12-19T10:53:50","modified_gmt":"2025-12-19T09:53:50","slug":"impulsabend-mit-bischof-dr-yassir-eric","status":"publish","type":"post","link":"https:\/\/ea-velbert.de\/?p=1091","title":{"rendered":"Impulsabend mit Bischof Dr. Yassir Eric"},"content":{"rendered":"\n<figure class=\"wp-block-image size-large\"><img loading=\"lazy\" decoding=\"async\" width=\"1024\" height=\"576\" src=\"https:\/\/ea-velbert.de\/wp-content\/uploads\/2025\/11\/ea_2026_01_17_yassir_quer-1024x576.jpg\" alt=\"\" class=\"wp-image-1092\" srcset=\"https:\/\/ea-velbert.de\/wp-content\/uploads\/2025\/11\/ea_2026_01_17_yassir_quer-1024x576.jpg 1024w, https:\/\/ea-velbert.de\/wp-content\/uploads\/2025\/11\/ea_2026_01_17_yassir_quer-300x169.jpg 300w, https:\/\/ea-velbert.de\/wp-content\/uploads\/2025\/11\/ea_2026_01_17_yassir_quer-768x432.jpg 768w, https:\/\/ea-velbert.de\/wp-content\/uploads\/2025\/11\/ea_2026_01_17_yassir_quer-1536x864.jpg 1536w, https:\/\/ea-velbert.de\/wp-content\/uploads\/2025\/11\/ea_2026_01_17_yassir_quer.jpg 1920w\" sizes=\"auto, (max-width: 1024px) 100vw, 1024px\" \/><\/figure>\n\n\n\n<p><\/p>\n\n\n\n<p><strong>Hass gelernt \u2013 Liebe erfahren!&nbsp;<\/strong><br><strong>Besonderer Impulsabend mit Bischof Dr. theol. Yassir Eric<\/strong><br><em><strong>Wann?<\/strong><\/em> Samstag, 17.01.26 um 18:00 Uhr Meet &amp; bei Fingerfood, 19 Uhr Vortrag und Podiumsdiskussion<br><em><strong>Wo?<\/strong><\/em> EFG, Hofstra\u00dfe 14, 42551 Velbert-Mitte<br><em>Nachdem Dr. Eric vor zwei Jahren aus Krankheitsgr\u00fcnden kurzfristig absagen musste, freuen wir uns, ihn 2026 im Rahmen der Allianzgebetswoche in Velbert begr\u00fc\u00dfen zu d\u00fcrfen.<\/em><\/p>\n\n\n\n<p><\/p>\n\n\n\n<p><strong>Kurzbio &#8211; Wer ist Bischof Dr. Yassir Eric?<\/strong> <\/p>\n\n\n\n<p>Geb\u00fcrtiger Sudanese mit muslimischem Hintergrund, durch seine Biografie ausgewiesener Kenner des Islam und des Nahen Ostens. <\/p>\n\n\n\n<p>Er erlebte seine pers\u00f6nliche Wandlung vom radikalen Islamisten zum Nachfolger Jesu durch eine Begegnung mit Gott. Von der Familie versto\u00dfen, zeitweise im Gef\u00e4ngnis, musste er seine Heimat verlassen und lebt seit 25 Jahren in Deutschland, versteht sich als Br\u00fcckenbauer zwischen Islam und Christentum.<br>Seit 2013 leitet er das Europ\u00e4ische Institut f\u00fcr Migration, Integration und Islamthemen (EIMI) an der AWM\/Korntal und ist Dozent an der CIU\/Korntal.<\/p>\n\n\n\n<p>Er war viele Jahre Gemeindeleiter von Migrationsgemeinden sowie Referent und Seelsorger und ist gefragter Redner in Deutschland, Europa, Mittlerer Osten und weltweit. Er ist Autor mehrerer B\u00fccher. <\/p>\n\n\n\n<p>Als Bischof der globalen kirchlichen Bewegung EKKIOS e.V. bietet er Konvertiten aus dem Islam eine geistliche Heimat an.<\/p>\n\n\n\n<p>Mehr zu EKKIOS findest du hier: <a href=\"http:\/\/ea-velbert.de\/wp-content\/uploads\/2025\/11\/Ekkios-Info-Flyer.pdf\">http:\/\/ea-velbert.de\/wp-content\/uploads\/2025\/11\/Ekkios-Info-Flyer.pdf<\/a><\/p>\n\n\n\n<p><strong>Und hier der Flyer zum Teilen in den sozialen Medien:<\/strong><br><\/p>\n\n\n<div class=\"wp-block-image\">\n<figure class=\"aligncenter size-large is-resized\"><img loading=\"lazy\" decoding=\"async\" width=\"576\" height=\"1024\" src=\"https:\/\/ea-velbert.de\/wp-content\/uploads\/2025\/11\/ea_2026_01_17_yassir_hoch-576x1024.jpg\" alt=\"\" class=\"wp-image-1093\" style=\"width:325px;height:auto\" srcset=\"https:\/\/ea-velbert.de\/wp-content\/uploads\/2025\/11\/ea_2026_01_17_yassir_hoch-576x1024.jpg 576w, https:\/\/ea-velbert.de\/wp-content\/uploads\/2025\/11\/ea_2026_01_17_yassir_hoch-169x300.jpg 169w, https:\/\/ea-velbert.de\/wp-content\/uploads\/2025\/11\/ea_2026_01_17_yassir_hoch-768x1365.jpg 768w, https:\/\/ea-velbert.de\/wp-content\/uploads\/2025\/11\/ea_2026_01_17_yassir_hoch-864x1536.jpg 864w, https:\/\/ea-velbert.de\/wp-content\/uploads\/2025\/11\/ea_2026_01_17_yassir_hoch.jpg 1080w\" sizes=\"auto, (max-width: 576px) 100vw, 576px\" \/><\/figure>\n<\/div>\n\n\n<hr class=\"wp-block-separator has-alpha-channel-opacity\"\/>\n\n\n\n<h3 class=\"wp-block-heading\">B\u00fccher von Dr. Eric<\/h3>\n\n\n\n<p><\/p>\n\n\n\n<div id=\"wp-block-themeisle-blocks-advanced-columns-ed01d260\" class=\"wp-block-themeisle-blocks-advanced-columns has-2-columns has-desktop-oneTwo-layout has-tablet-equal-layout has-mobile-collapsedRows-layout has-vertical-unset\"><div class=\"wp-block-themeisle-blocks-advanced-columns-overlay\"><\/div><div class=\"innerblocks-wrap\">\n<div id=\"wp-block-themeisle-blocks-advanced-column-f33278f3\" class=\"wp-block-themeisle-blocks-advanced-column\"><div class=\"wp-block-image\">\n<figure class=\"alignright size-full is-resized\"><img loading=\"lazy\" decoding=\"async\" width=\"600\" height=\"600\" src=\"https:\/\/ea-velbert.de\/wp-content\/uploads\/2025\/11\/835378000.webp\" alt=\"\" class=\"wp-image-1117\" style=\"width:299px;height:auto\" srcset=\"https:\/\/ea-velbert.de\/wp-content\/uploads\/2025\/11\/835378000.webp 600w, https:\/\/ea-velbert.de\/wp-content\/uploads\/2025\/11\/835378000-300x300.webp 300w, https:\/\/ea-velbert.de\/wp-content\/uploads\/2025\/11\/835378000-150x150.webp 150w\" sizes=\"auto, (max-width: 600px) 100vw, 600px\" \/><\/figure>\n<\/div><\/div>\n\n\n\n<div id=\"wp-block-themeisle-blocks-advanced-column-066c9fb4\" class=\"wp-block-themeisle-blocks-advanced-column\">\n<p><strong>&#8222;Hass gelernt &#8211; Liebe erfahren&#8220;<\/strong><\/p>\n\n\n\n<p>Biografie von Dr. Yassir Eric&nbsp;<\/p>\n\n\n\n<p>Wer den islamistischen Terrorismus bek\u00e4mpfen will, muss herausfinden, wer oder was die Terroristen pr\u00e4gt. In der Koranschule, der Moschee und zu Hause wurde Yassir Eric zum Hass erzogen. Er schaute auf Andersgl\u00e4ubige herab und war bereit zu t\u00f6ten. Viel zu sp\u00e4t merkte er, dass er sich dabei selber schadete und seine Welt wurde auf den Kopf gestellt.<\/p>\n\n\n\n<hr class=\"wp-block-separator has-alpha-channel-opacity\"\/>\n<\/div>\n<\/div><\/div>\n\n\n\n<div id=\"wp-block-themeisle-blocks-advanced-columns-f34d307e\" class=\"wp-block-themeisle-blocks-advanced-columns has-2-columns has-desktop-twoOne-layout has-tablet-equal-layout has-mobile-collapsedRows-layout has-vertical-unset\"><div class=\"wp-block-themeisle-blocks-advanced-columns-overlay\"><\/div><div class=\"innerblocks-wrap\">\n<div id=\"wp-block-themeisle-blocks-advanced-column-27d70ac8\" class=\"wp-block-themeisle-blocks-advanced-column\">\n<p><strong>&#8222;Wir m\u00fcssen reden, bevor es zu sp\u00e4t ist&#8220; <\/strong><\/p>\n\n\n\n<p>\u00dcber radikalen Islam, Integration und unsere Ideale<\/p>\n\n\n\n<p>Der im Sudan geborene Autor Yassir Eric &#8211; einst vom radikalen Islam zum Chrsitentum konvertiert &#8211; fordert eine sachliche Islamdebatte in Politik und Gesellschaft, ohne jegliches Tabu. Er ist \u00fcberzeugt: Integration bleibt St\u00fcckwerk, wenn wir nicht die Einstellungen und Pr\u00e4gungen thematisieren, die Menschen daran hindern, auch mental hier anzukommen. Dabei d\u00fcrfen wir insbesondere die Rolle der Religion nicht untersch\u00e4tzen. Denn manche religi\u00f6sen \u00dcberzeugungen stehen im Gegensatz zu unseren Werten &#8211; und dar\u00fcber m\u00fcssen wir reden.<\/p>\n\n\n\n<p>&#8222;W\u00e4re ich damals als junger, radikaler Muslim nach Deutschland gekommen, w\u00e4re meine Integration gescheitert. Denn ich h\u00e4tte mich \u00fcberhaupt nicht integrieren wollen. Um diese Gesellschaft und ihre Werte bejahen zu k\u00f6nnen, musste ich komplett umdenken.&#8220;<\/p>\n<\/div>\n\n\n\n<div id=\"wp-block-themeisle-blocks-advanced-column-ea965428\" class=\"wp-block-themeisle-blocks-advanced-column\"><div class=\"wp-block-image\">\n<figure class=\"aligncenter size-full is-resized\"><img loading=\"lazy\" decoding=\"async\" width=\"366\" height=\"600\" src=\"https:\/\/ea-velbert.de\/wp-content\/uploads\/2025\/11\/wir-muessen-reden-bevor-es-zu-spaet-ist-gebundene-ausgabe-yassir-eric.webp\" alt=\"\" class=\"wp-image-1118\" style=\"width:118px;height:auto\" srcset=\"https:\/\/ea-velbert.de\/wp-content\/uploads\/2025\/11\/wir-muessen-reden-bevor-es-zu-spaet-ist-gebundene-ausgabe-yassir-eric.webp 366w, https:\/\/ea-velbert.de\/wp-content\/uploads\/2025\/11\/wir-muessen-reden-bevor-es-zu-spaet-ist-gebundene-ausgabe-yassir-eric-183x300.webp 183w\" sizes=\"auto, (max-width: 366px) 100vw, 366px\" \/><\/figure>\n<\/div><\/div>\n<\/div><\/div>\n\n\n\n<hr class=\"wp-block-separator has-alpha-channel-opacity\"\/>\n","protected":false},"excerpt":{"rendered":"<p>Hass gelernt \u2013 Liebe erfahren!&nbsp;Besonderer Impulsabend mit Bischof Dr. theol. Yassir EricWann? Samstag, 17.01.26 um 18:00 Uhr Meet &amp; bei Fingerfood, 19 Uhr Vortrag und PodiumsdiskussionWo? EFG, Hofstra\u00dfe 14, 42551 Velbert-MitteNachdem Dr. Eric vor zwei Jahren aus Krankheitsgr\u00fcnden kurzfristig absagen musste, freuen wir uns, ihn 2026 im Rahmen der Allianzgebetswoche [&hellip;]<\/p>\n","protected":false},"author":2,"featured_media":1092,"comment_status":"closed","ping_status":"closed","sticky":false,"template":"","format":"standard","meta":{"pgc_sgb_lightbox_settings":"","_themeisle_gutenberg_block_has_review":false,"footnotes":""},"categories":[1],"tags":[],"class_list":["post-1091","post","type-post","status-publish","format-standard","has-post-thumbnail","hentry","category-allgemein"],"_links":{"self":[{"href":"https:\/\/ea-velbert.de\/index.php?rest_route=\/wp\/v2\/posts\/1091","targetHints":{"allow":["GET"]}}],"collection":[{"href":"https:\/\/ea-velbert.de\/index.php?rest_route=\/wp\/v2\/posts"}],"about":[{"href":"https:\/\/ea-velbert.de\/index.php?rest_route=\/wp\/v2\/types\/post"}],"author":[{"embeddable":true,"href":"https:\/\/ea-velbert.de\/index.php?rest_route=\/wp\/v2\/users\/2"}],"replies":[{"embeddable":true,"href":"https:\/\/ea-velbert.de\/index.php?rest_route=%2Fwp%2Fv2%2Fcomments&post=1091"}],"version-history":[{"count":13,"href":"https:\/\/ea-velbert.de\/index.php?rest_route=\/wp\/v2\/posts\/1091\/revisions"}],"predecessor-version":[{"id":1128,"href":"https:\/\/ea-velbert.de\/index.php?rest_route=\/wp\/v2\/posts\/1091\/revisions\/1128"}],"wp:featuredmedia":[{"embeddable":true,"href":"https:\/\/ea-velbert.de\/index.php?rest_route=\/wp\/v2\/media\/1092"}],"wp:attachment":[{"href":"https:\/\/ea-velbert.de\/index.php?rest_route=%2Fwp%2Fv2%2Fmedia&parent=1091"}],"wp:term":[{"taxonomy":"category","embeddable":true,"href":"https:\/\/ea-velbert.de\/index.php?rest_route=%2Fwp%2Fv2%2Fcategories&post=1091"},{"taxonomy":"post_tag","embeddable":true,"href":"https:\/\/ea-velbert.de\/index.php?rest_route=%2Fwp%2Fv2%2Ftags&post=1091"}],"curies":[{"name":"wp","href":"https:\/\/api.w.org\/{rel}","templated":true}]}}