{"id":449,"date":"2022-02-11T21:40:42","date_gmt":"2022-02-11T20:40:42","guid":{"rendered":"http:\/\/ea-velbert.de\/?p=449"},"modified":"2022-02-11T21:43:34","modified_gmt":"2022-02-11T20:43:34","slug":"176-allianzgebetswoche-agw-ist-beendet","status":"publish","type":"post","link":"https:\/\/ea-velbert.de\/?p=449","title":{"rendered":"176. Allianzgebetswoche (AGW) ist beendet"},"content":{"rendered":"\n<figure class=\"wp-block-image size-full\"><img loading=\"lazy\" decoding=\"async\" width=\"680\" height=\"454\" src=\"http:\/\/ea-velbert.de\/wp-content\/uploads\/2022\/02\/csm_Vetter_c_Jesus.de_02dbd094c9.jpg\" alt=\"\" class=\"wp-image-452\" srcset=\"https:\/\/ea-velbert.de\/wp-content\/uploads\/2022\/02\/csm_Vetter_c_Jesus.de_02dbd094c9.jpg 680w, https:\/\/ea-velbert.de\/wp-content\/uploads\/2022\/02\/csm_Vetter_c_Jesus.de_02dbd094c9-300x200.jpg 300w, https:\/\/ea-velbert.de\/wp-content\/uploads\/2022\/02\/csm_Vetter_c_Jesus.de_02dbd094c9-360x240.jpg 360w\" sizes=\"auto, (max-width: 680px) 100vw, 680px\" \/><figcaption>Ekkehard Vetter (c) jesus.de<\/figcaption><\/figure>\n\n\n\n<p>Die 176. Gebetswoche der Evangelischen Allianz ist beendet. Der &#8222;Gebetswochen-Staffelstab&#8220; wurde im Gottesdienst am 16.01. in M\u00fcnchen an die Gebetswoche der ACK f\u00fcr die anschlie\u00dfende Einheit der Christen \u00fcbergeben.&nbsp;Das Thema der diesj\u00e4hrigen Allianzgebetswoche (AGW) \u201e<a href=\"https:\/\/gebet.ead.de\/nachrichten\/nachrichten-gebet\/2021\/august\/25082021-agw-thema-2022-sabbat-leben-nach-gottes-rhythmus\/\" target=\"_blank\" rel=\"noreferrer noopener\">Sabbat. Leben nach Gottes Rhythmus<\/a>\u201c wurde mit gro\u00dfem Interesse aufgenommen. Auf den ersten Blick war das Thema f\u00fcr eine Gebetswoche durchaus ungew\u00f6hnlich, jedoch wurde schnell deutlich, wie relevant das Thema ist: Angesichts aller gesellschaftlichen Verwerfungen, des Lebensgef\u00fchls eines pausenlosen Getrieben-Seins und der Ma\u00dflosigkeit aller Anforderungen, ist ein Ruhetag in der Woche nicht nur eine lebensnotwendige Unterbrechung, sondern Gottes Geschenk an uns. Ihn zu leben, ist ein sichtbares Zeichen, dass Christen auf den Sch\u00f6pfer des Universums h\u00f6ren, und seine Gebote dem Leben dienen. Daher war die Allianzgebetswoche in diesem Jahr in besonderem Ma\u00dfe auch eine Einladung, sich neu unserem himmlischen Vater anzuvertrauen.<\/p>\n\n\n\n<p>Das Thema nahmen zahlreiche lokale Allianzen zum Anlass, Kontakt zu messianischen Gemeinden und zu den lokalen J\u00fcdischen Gemeinden zu suchen. So war in Bad Nauheim der Vorstand der J\u00fcdischen Gemeinde Bad Nauheim und Wetterau zu Gast. In Paderborn beteiligte sich der Leiter der messianisch-j\u00fcdischen Maayan-Gemeinde mit einer eindrucksvollen Zeugnis-Predigt. Die Allianzgebetswoche setzte damit in diesem Jahr somit auch ein deutliches Signal gegen Antisemitismus und gegen die Ausgrenzung unserer messianisch-j\u00fcdischen Geschwister.<\/p>\n\n\n\n<p>Das Zusammenr\u00fccken der beiden Gebetswochen der EAD und der ACK findet auch vor Ort statt: So beteten unter dem Titel \u201eSuchet der Stadt Bestes\u201c beten Allianz und ACK gemeinsam in Frankfurt\/Main mit Frankfurter Politikerinnen und Politikern! Es folgt am 22.01. noch ein gemeinsamer Gebetsgottesdienst mit Christinnen und Christen aus den Migrantengemeinden der Ev. Kirche, Freikirchen und muttersprachlichen Gemeinden der r\u00f6m.- katholischen Kirche.<\/p>\n\n\n\n<p>Nat\u00fcrlich hat die Pandemiesituation auch diese Gebetswoche gepr\u00e4gt. Allerdings haben vielen Kirchen und Gemeinden eine steile digitale Lernkurve in den letzten Monaten hingelegt. Dankbar sind wir, dass es in diesem Jahr wieder deutlich mehr Pr\u00e4senz-Gebetsveranstaltungen als in 2021 gab und daneben viele Veranstaltungen live gestreamt oder sogar hybrid angeboten wurden, wie z.B. eine <a href=\"https:\/\/youtube.com\/playlist?list=PLS-787ckxlZnfLQ2M6aHidb31bm_SvXo2\" target=\"_blank\" rel=\"noreferrer noopener\">EAD-YouTube-Playlist<\/a> mit Videos aus den Orten zeigt, die noch laufend erg\u00e4nzt wird. Dies ist aber mit Sicherheit nur ein Ausschnitt, weil wir hier sicher nicht alles erfasst haben. Das Streaming-Angebot liefert auch einen Einblick von der vielf\u00e4ltigen und oft sehr kreativen Gestaltung von Gebetsveranstaltungen. Da allein die Allianzgebetswochenseiten ca. 150.000 mal aufgerufen wurden und zus\u00e4tzlich die vielf\u00e4ltigen dezentralen Internetangebote der lokalen Ortsallianzen genutzt wurden, hat die AGW auch in diesem Jahr wieder eine gro\u00dfe Breitenwirkung entfaltet, wof\u00fcr wir sehr dankbar sind.<\/p>\n\n\n\n<p>Zum ersten Mal fand im Evangelischen Allianzhaus in Bad Blankenburg eine Gebetsfreizeit zur Allianzgebetswochen statt. Von dort wurde pro Tag eine Online-Gebetszeit angeboten, bei der sich Teilnehmer deutschlandweit einw\u00e4hlten und auch in kleineren Gruppen miteinander beten. Trotz der winterlichen Temperaturen gab es an vielen Orten auch Outdoor-Gebetsveranstaltungen wie z.B. Gebetsw\u00e4nde an Gemeindeh\u00e4usern, Gebetsbriefk\u00e4sten an zentralen Stellen, Gebetsspazierg\u00e4nge. So f\u00fchrten die Herausforderungen der Corona-Zeit zu neuen, innovativen Formaten und der neuen Gelegenheit, deutschlandweit bei ganz unterschiedlichen Ortsallianzen an einer Gebetsveranstaltung teilzunehmen.<\/p>\n\n\n\n<p>Ekkehart Vetter<\/p>\n\n\n\n<p>Quellenangabe: https:\/\/www.ead.de\/aktuelles\/nachrichten\/<\/p>\n","protected":false},"excerpt":{"rendered":"<p>Die 176. Gebetswoche der Evangelischen Allianz ist beendet. Der &#8222;Gebetswochen-Staffelstab&#8220; wurde im Gottesdienst am 16.01. in M\u00fcnchen an die Gebetswoche der ACK f\u00fcr die anschlie\u00dfende Einheit der Christen \u00fcbergeben.&nbsp;Das Thema der diesj\u00e4hrigen Allianzgebetswoche (AGW) \u201eSabbat. Leben nach Gottes Rhythmus\u201c wurde mit gro\u00dfem Interesse aufgenommen. Auf den ersten Blick war das [&hellip;]<\/p>\n","protected":false},"author":2,"featured_media":452,"comment_status":"closed","ping_status":"closed","sticky":false,"template":"","format":"standard","meta":{"pgc_sgb_lightbox_settings":"","_themeisle_gutenberg_block_has_review":false,"footnotes":""},"categories":[1],"tags":[],"class_list":["post-449","post","type-post","status-publish","format-standard","has-post-thumbnail","hentry","category-allgemein"],"_links":{"self":[{"href":"https:\/\/ea-velbert.de\/index.php?rest_route=\/wp\/v2\/posts\/449","targetHints":{"allow":["GET"]}}],"collection":[{"href":"https:\/\/ea-velbert.de\/index.php?rest_route=\/wp\/v2\/posts"}],"about":[{"href":"https:\/\/ea-velbert.de\/index.php?rest_route=\/wp\/v2\/types\/post"}],"author":[{"embeddable":true,"href":"https:\/\/ea-velbert.de\/index.php?rest_route=\/wp\/v2\/users\/2"}],"replies":[{"embeddable":true,"href":"https:\/\/ea-velbert.de\/index.php?rest_route=%2Fwp%2Fv2%2Fcomments&post=449"}],"version-history":[{"count":3,"href":"https:\/\/ea-velbert.de\/index.php?rest_route=\/wp\/v2\/posts\/449\/revisions"}],"predecessor-version":[{"id":455,"href":"https:\/\/ea-velbert.de\/index.php?rest_route=\/wp\/v2\/posts\/449\/revisions\/455"}],"wp:featuredmedia":[{"embeddable":true,"href":"https:\/\/ea-velbert.de\/index.php?rest_route=\/wp\/v2\/media\/452"}],"wp:attachment":[{"href":"https:\/\/ea-velbert.de\/index.php?rest_route=%2Fwp%2Fv2%2Fmedia&parent=449"}],"wp:term":[{"taxonomy":"category","embeddable":true,"href":"https:\/\/ea-velbert.de\/index.php?rest_route=%2Fwp%2Fv2%2Fcategories&post=449"},{"taxonomy":"post_tag","embeddable":true,"href":"https:\/\/ea-velbert.de\/index.php?rest_route=%2Fwp%2Fv2%2Ftags&post=449"}],"curies":[{"name":"wp","href":"https:\/\/api.w.org\/{rel}","templated":true}]}}