{"id":569,"date":"2023-01-18T19:36:53","date_gmt":"2023-01-18T18:36:53","guid":{"rendered":"https:\/\/ea-velbert.de\/?p=569"},"modified":"2023-01-28T21:22:40","modified_gmt":"2023-01-28T20:22:40","slug":"frank-uphoff-neuer-vorsitzender-der-ev-allianz-in-velbert","status":"publish","type":"post","link":"https:\/\/ea-velbert.de\/?p=569","title":{"rendered":"Frank Uphoff neuer Vorsitzender der Ev. Allianz in Velbert"},"content":{"rendered":"\n<p>Im Rahmen des Abschlussgottesdienstes der Ev. Allianz Velbert wurde Helmut J\u00fcnner als Vorsitzender verabschiedet und Frank Uphoff \u00f6ffentlich in sein Amt eingef\u00fchrt. Die Wahl zum neuen Vorsitzenden war im September 2022 erfolgt.<\/p>\n\n\n\n<p>Frank Uphoff dankte seinem Vorg\u00e4nger f\u00fcr sein segensreiches Wirken \u00fcber mehr als 10 Jahre in der Evangelischen Allianz in Velbert und \u00fcberreichte im Namen des Vorstand ein kleines Geschenk. <\/p>\n\n\n\n<p>Helmut J\u00fcnner bat in seinem Gebet um den Segen f\u00fcr den neuen Vorstand. (Bild unten)<\/p>\n\n\n\n<figure class=\"wp-block-image size-large\"><img loading=\"lazy\" decoding=\"async\" width=\"1024\" height=\"649\" src=\"http:\/\/ea-velbert.de\/wp-content\/uploads\/2023\/01\/IMG_20230117_152300-1024x649.jpg\" alt=\"\" class=\"wp-image-559\" srcset=\"https:\/\/ea-velbert.de\/wp-content\/uploads\/2023\/01\/IMG_20230117_152300-1024x649.jpg 1024w, https:\/\/ea-velbert.de\/wp-content\/uploads\/2023\/01\/IMG_20230117_152300-300x190.jpg 300w, https:\/\/ea-velbert.de\/wp-content\/uploads\/2023\/01\/IMG_20230117_152300-768x487.jpg 768w, https:\/\/ea-velbert.de\/wp-content\/uploads\/2023\/01\/IMG_20230117_152300.jpg 1200w\" sizes=\"auto, (max-width: 1024px) 100vw, 1024px\" \/><\/figure>\n\n\n\n<figure class=\"wp-block-image size-large\"><img loading=\"lazy\" decoding=\"async\" width=\"1024\" height=\"442\" src=\"http:\/\/ea-velbert.de\/wp-content\/uploads\/2023\/01\/IMG_20230117_152304-1024x442.jpg\" alt=\"\" class=\"wp-image-561\" srcset=\"https:\/\/ea-velbert.de\/wp-content\/uploads\/2023\/01\/IMG_20230117_152304-1024x442.jpg 1024w, https:\/\/ea-velbert.de\/wp-content\/uploads\/2023\/01\/IMG_20230117_152304-300x130.jpg 300w, https:\/\/ea-velbert.de\/wp-content\/uploads\/2023\/01\/IMG_20230117_152304-768x332.jpg 768w, https:\/\/ea-velbert.de\/wp-content\/uploads\/2023\/01\/IMG_20230117_152304.jpg 1054w\" sizes=\"auto, (max-width: 1024px) 100vw, 1024px\" \/><\/figure>\n","protected":false},"excerpt":{"rendered":"<p>Im Rahmen des Abschlussgottesdienstes der Ev. Allianz Velbert wurde Helmut J\u00fcnner als Vorsitzender verabschiedet und Frank Uphoff \u00f6ffentlich in sein Amt eingef\u00fchrt. Die Wahl zum neuen Vorsitzenden war im September 2022 erfolgt. Frank Uphoff dankte seinem Vorg\u00e4nger f\u00fcr sein segensreiches Wirken \u00fcber mehr als 10 Jahre in der Evangelischen Allianz [&hellip;]<\/p>\n","protected":false},"author":2,"featured_media":558,"comment_status":"closed","ping_status":"closed","sticky":false,"template":"","format":"standard","meta":{"pgc_sgb_lightbox_settings":"","_themeisle_gutenberg_block_has_review":false,"footnotes":""},"categories":[1],"tags":[],"class_list":["post-569","post","type-post","status-publish","format-standard","has-post-thumbnail","hentry","category-allgemein"],"_links":{"self":[{"href":"https:\/\/ea-velbert.de\/index.php?rest_route=\/wp\/v2\/posts\/569","targetHints":{"allow":["GET"]}}],"collection":[{"href":"https:\/\/ea-velbert.de\/index.php?rest_route=\/wp\/v2\/posts"}],"about":[{"href":"https:\/\/ea-velbert.de\/index.php?rest_route=\/wp\/v2\/types\/post"}],"author":[{"embeddable":true,"href":"https:\/\/ea-velbert.de\/index.php?rest_route=\/wp\/v2\/users\/2"}],"replies":[{"embeddable":true,"href":"https:\/\/ea-velbert.de\/index.php?rest_route=%2Fwp%2Fv2%2Fcomments&post=569"}],"version-history":[{"count":2,"href":"https:\/\/ea-velbert.de\/index.php?rest_route=\/wp\/v2\/posts\/569\/revisions"}],"predecessor-version":[{"id":576,"href":"https:\/\/ea-velbert.de\/index.php?rest_route=\/wp\/v2\/posts\/569\/revisions\/576"}],"wp:featuredmedia":[{"embeddable":true,"href":"https:\/\/ea-velbert.de\/index.php?rest_route=\/wp\/v2\/media\/558"}],"wp:attachment":[{"href":"https:\/\/ea-velbert.de\/index.php?rest_route=%2Fwp%2Fv2%2Fmedia&parent=569"}],"wp:term":[{"taxonomy":"category","embeddable":true,"href":"https:\/\/ea-velbert.de\/index.php?rest_route=%2Fwp%2Fv2%2Fcategories&post=569"},{"taxonomy":"post_tag","embeddable":true,"href":"https:\/\/ea-velbert.de\/index.php?rest_route=%2Fwp%2Fv2%2Ftags&post=569"}],"curies":[{"name":"wp","href":"https:\/\/api.w.org\/{rel}","templated":true}]}}