{"id":743,"date":"2024-05-15T14:59:36","date_gmt":"2024-05-15T12:59:36","guid":{"rendered":"https:\/\/ea-velbert.de\/?p=743"},"modified":"2024-05-15T14:59:37","modified_gmt":"2024-05-15T12:59:37","slug":"medientag-am-25-05-24","status":"publish","type":"post","link":"https:\/\/ea-velbert.de\/?p=743","title":{"rendered":"Medientag am 25.05.24"},"content":{"rendered":"\n<p>Hiermit m\u00f6chten wir Sie herzlich zu einer besonderen Veranstaltung einladen. <strong>\u2013 Medientag in Velbert.<br><br>Medientag in Velbert bedeutet:<\/strong><\/p>\n\n\n\n<ul class=\"wp-block-list\">\n<li>Treffen Sie Freunde der Stiftung Marburger Medien.<\/li>\n\n\n\n<li>Informieren Sie sich \u00fcber neue Medien und Neuigkeiten.<\/li>\n\n\n\n<li>Bilden Sie sich weiter.<\/li>\n\n\n\n<li>Genie\u00dfen Sie eine Zeit der Ermutigung und Inspiration.<\/li>\n\n\n\n<li>Nehmen Sie Marburger Medien Ihrer Wahl mit.<\/li>\n<\/ul>\n\n\n\n<p><strong>Datum:<\/strong> Samstag 25. Mai<br><strong>Ort:<\/strong> Bleibergquelle, Bleibergstra\u00dfe 131, 42551 Velbert<\/p>\n\n\n\n<p><strong>Was erwartet Sie?<\/strong><\/p>\n\n\n\n<ul class=\"wp-block-list\">\n<li><strong>09:45 Uhr:<\/strong> Ankommen, Stehcaf\u00e9<\/li>\n\n\n\n<li><strong>10:00 Uhr:<\/strong> Gemeinsamer Start<\/li>\n\n\n\n<li><strong>10:30 Uhr:<\/strong> Workshops mit:<ul><li>Klinikseelsorger Siegfried Ulmer: \u00fcber &#8222;Worte, die von Herzen kommen\u201c<\/li><\/ul>\n<ul class=\"wp-block-list\">\n<li>Gebietsleiter Michael Klitzke: zum Thema &#8222;Lasst uns das Gl\u00fcck doch einfach teilen&#8220;<\/li>\n<\/ul>\n<\/li>\n\n\n\n<li><strong>11:30 Uhr:<\/strong> Kaffee, Kuchen und Brezel begleitet von einer umfangreichen Medienausstellung. Marburger Medien k\u00f6nnen mitgenommen werden.<\/li>\n<\/ul>\n\n\n\n<p>Der Medientag klingt gegen 13:00 Uhr mit einem offenen Ende aus.<\/p>\n\n\n\n<p><strong>Besonderheit des Tages:<br><\/strong>Einer der H\u00f6hepunkte wird der Workshop mit Siegfried Ulmer sein. Herr Ulmer ist erfahrener Anwender von Marburger Medien und <strong>Klinikseelsorger <\/strong>(DGD Lungenklink Hemer)<strong>.<\/strong> Im Workshop wird er seine Erfahrungen mit pers\u00f6nlich geschriebenen Karten teilen, die im Alltag Ermutigung und Glauben vermitteln.<\/p>\n\n\n\n<p><strong>Um Anmeldung wird gebeten:<br><\/strong>Der Eintritt ist frei \u2013 wir freuen uns \u00fcber eine Spende. Zur Erleichterung unserer Planung bitten wir um Ihre Anmeldung direkt <a href=\"https:\/\/forms.office.com\/e\/gVcpZVSxAB\">hier<\/a>&#8230; oder auf <a href=\"http:\/\/www.marburger-medien.de\/velbert\">www.marburger-medien.de\/velbert<\/a> an.<\/p>\n\n\n\n<p>Wir freuen uns auf einen inspirierenden Tag mit Ihnen und darauf, gemeinsam neue Wege zu entdecken, wie Glaube im Alltag sichtbar und die Botschaft von Jesus auf fr\u00f6hliche und ermutigende Weise geteilt werden kann.<br><br>Mit herzlichen Gr\u00fc\u00dfen von unserem Team und der Evangelischen Allianz Velbert<br>Michael und Gabriela Klitzke, Anke Fritschen, Siegfried Ulmer.<\/p>\n\n\n\n<figure class=\"wp-block-image size-large\"><img loading=\"lazy\" decoding=\"async\" width=\"1024\" height=\"722\" src=\"https:\/\/ea-velbert.de\/wp-content\/uploads\/2024\/05\/Screenshot-2024-05-15-145819-1024x722.jpg\" alt=\"\" class=\"wp-image-745\" srcset=\"https:\/\/ea-velbert.de\/wp-content\/uploads\/2024\/05\/Screenshot-2024-05-15-145819-1024x722.jpg 1024w, https:\/\/ea-velbert.de\/wp-content\/uploads\/2024\/05\/Screenshot-2024-05-15-145819-300x211.jpg 300w, https:\/\/ea-velbert.de\/wp-content\/uploads\/2024\/05\/Screenshot-2024-05-15-145819-768x541.jpg 768w, https:\/\/ea-velbert.de\/wp-content\/uploads\/2024\/05\/Screenshot-2024-05-15-145819.jpg 1145w\" sizes=\"auto, (max-width: 1024px) 100vw, 1024px\" \/><\/figure>\n","protected":false},"excerpt":{"rendered":"<p>Hiermit m\u00f6chten wir Sie herzlich zu einer besonderen Veranstaltung einladen. \u2013 Medientag in Velbert. Medientag in Velbert bedeutet: Datum: Samstag 25. MaiOrt: Bleibergquelle, Bleibergstra\u00dfe 131, 42551 Velbert Was erwartet Sie? Der Medientag klingt gegen 13:00 Uhr mit einem offenen Ende aus. Besonderheit des Tages:Einer der H\u00f6hepunkte wird der Workshop mit [&hellip;]<\/p>\n","protected":false},"author":2,"featured_media":744,"comment_status":"closed","ping_status":"closed","sticky":false,"template":"","format":"standard","meta":{"pgc_sgb_lightbox_settings":"","_themeisle_gutenberg_block_has_review":false,"footnotes":""},"categories":[1],"tags":[],"class_list":["post-743","post","type-post","status-publish","format-standard","has-post-thumbnail","hentry","category-allgemein"],"_links":{"self":[{"href":"https:\/\/ea-velbert.de\/index.php?rest_route=\/wp\/v2\/posts\/743","targetHints":{"allow":["GET"]}}],"collection":[{"href":"https:\/\/ea-velbert.de\/index.php?rest_route=\/wp\/v2\/posts"}],"about":[{"href":"https:\/\/ea-velbert.de\/index.php?rest_route=\/wp\/v2\/types\/post"}],"author":[{"embeddable":true,"href":"https:\/\/ea-velbert.de\/index.php?rest_route=\/wp\/v2\/users\/2"}],"replies":[{"embeddable":true,"href":"https:\/\/ea-velbert.de\/index.php?rest_route=%2Fwp%2Fv2%2Fcomments&post=743"}],"version-history":[{"count":1,"href":"https:\/\/ea-velbert.de\/index.php?rest_route=\/wp\/v2\/posts\/743\/revisions"}],"predecessor-version":[{"id":746,"href":"https:\/\/ea-velbert.de\/index.php?rest_route=\/wp\/v2\/posts\/743\/revisions\/746"}],"wp:featuredmedia":[{"embeddable":true,"href":"https:\/\/ea-velbert.de\/index.php?rest_route=\/wp\/v2\/media\/744"}],"wp:attachment":[{"href":"https:\/\/ea-velbert.de\/index.php?rest_route=%2Fwp%2Fv2%2Fmedia&parent=743"}],"wp:term":[{"taxonomy":"category","embeddable":true,"href":"https:\/\/ea-velbert.de\/index.php?rest_route=%2Fwp%2Fv2%2Fcategories&post=743"},{"taxonomy":"post_tag","embeddable":true,"href":"https:\/\/ea-velbert.de\/index.php?rest_route=%2Fwp%2Fv2%2Ftags&post=743"}],"curies":[{"name":"wp","href":"https:\/\/api.w.org\/{rel}","templated":true}]}}