{"id":982,"date":"2025-02-27T12:54:38","date_gmt":"2025-02-27T11:54:38","guid":{"rendered":"https:\/\/ea-velbert.de\/?p=982"},"modified":"2025-02-27T21:54:53","modified_gmt":"2025-02-27T20:54:53","slug":"das-war-der-pilgerweg-2025","status":"publish","type":"post","link":"https:\/\/ea-velbert.de\/?p=982","title":{"rendered":"Das war der Pilgerweg 2025"},"content":{"rendered":"\n<figure class=\"wp-block-image size-large\"><img loading=\"lazy\" decoding=\"async\" width=\"1024\" height=\"576\" src=\"http:\/\/ea-velbert.de\/wp-content\/uploads\/2025\/02\/2025_01_19-AGW_ACK_Gebetswoche_Pilgerweg_Foto_Artur-Wiebe-8396-1024x576.jpg\" alt=\"\" class=\"wp-image-984\" srcset=\"https:\/\/ea-velbert.de\/wp-content\/uploads\/2025\/02\/2025_01_19-AGW_ACK_Gebetswoche_Pilgerweg_Foto_Artur-Wiebe-8396-1024x576.jpg 1024w, https:\/\/ea-velbert.de\/wp-content\/uploads\/2025\/02\/2025_01_19-AGW_ACK_Gebetswoche_Pilgerweg_Foto_Artur-Wiebe-8396-300x169.jpg 300w, https:\/\/ea-velbert.de\/wp-content\/uploads\/2025\/02\/2025_01_19-AGW_ACK_Gebetswoche_Pilgerweg_Foto_Artur-Wiebe-8396-768x432.jpg 768w, https:\/\/ea-velbert.de\/wp-content\/uploads\/2025\/02\/2025_01_19-AGW_ACK_Gebetswoche_Pilgerweg_Foto_Artur-Wiebe-8396-1536x864.jpg 1536w, https:\/\/ea-velbert.de\/wp-content\/uploads\/2025\/02\/2025_01_19-AGW_ACK_Gebetswoche_Pilgerweg_Foto_Artur-Wiebe-8396-2048x1152.jpg 2048w\" sizes=\"auto, (max-width: 1024px) 100vw, 1024px\" \/><\/figure>\n\n\n\n<p>.<\/p>\n\n\n\n<p>[19.01.2025] Zwei durchaus unterschiedliche Gottesdienste verkn\u00fcpft durch einen Pilgerweg verbanden in diesem Jahr die Gebetswoche der Ev. Allianz (EAD) und die Gebetswoche zur Einheit der Christen, f\u00fcr die die Arbeitsgemeinschaft Christlicher Kirchen in D (ACK D) verantwortlich zeichnet. <\/p>\n\n\n\n<p>Am Morgen sprach Dr. Reinhardt Schink in der Velberter Bleibergquelle \u00fcber die Hoffnung der Christen. Kirchen w\u00fcrden sich nicht im \u201eAbwicklungsmodus\u201c befinden, sondern Jesus selbst sei das Licht. \u201eWir sind nicht diejenigen, die das Licht ausmachen \u2013 Jesus ist der Herr der Gemeinde\u201c, so Schink.<\/p>\n\n\n\n<p>Anschlie\u00dfend erhielten etwa 50 Pilgernde symbolisch das \u201eBand des Friedens\u201c als einen \u201ePilgerg\u00fcrtel\u201c und machten sich auf einen \u201eGlaubens- und Hoffnungsweg\u201c von Velbert nach Essen. Unterwegs hielten sie bei klirrender K\u00e4lte und strahlender Sonne an verschiedenen Gebetstationen inne, zum Beispiel auf einem H\u00fcgel oder am Kreuzberg in Velbert-Neviges. Eine fr\u00f6hliche Truppe fuhr dann gemeinsam mit der S-Bahn nach Essen HBF, wo eine Delegation Essener Christen mit dem Pr\u00e4ses Thorsten Latzel (Rheinische Kirche) die Gruppe willkommen hie\u00df.<\/p>\n\n\n\n<p>\u00dcber eine weitere Gebetstation vor Ort, wo man sich den N\u00f6ten der Stadt Essen im Gebet zuwendete, ging es in den \u00d6kumenischen Gottesdienst in den Dom, wo Erzpriester Radu Constation Miron, Vors. der ACK D, \u00fcber die Bedeutung des Christlichen Zeugnisses predigte. Gemeinsam mit Dr. Reinhard Schink pr\u00e4sentierte er den \u201eKrish\u201c als symbolisches Zeichen der Verbindung zwischen der EAD und der ACK D. Diese kleine Skulptur, die ein Kreuz und einen Fisch in sich vereint, ist seit einigen Jahren ein gemeinsames Symbol.<\/p>\n\n\n\n<p>Der r\u00f6m-kath. Bischof von Essen, Franz-Josef Overbeck, hie\u00df die Pilgergruppe im Dom herzlich willkommen. Dieser Gru\u00df wurde von Frank Uphoff, Pastor der CG Velbert, der die Gebetswandergruppe leitete, erwidert.&nbsp; Ein kleiner Empfang der ACK, bei dem auch Essens Oberb\u00fcrgermeister Thomas Kufen sprach, rundete den ereignisreichen Tag ab.<\/p>\n\n\n\n<p>Die Bildergallerie gibt einen kleinen EInblick in die Chronologie des Tages.<\/p>\n\n\n\n<p><\/p>\n\n\n\n<p><code><div class=\"pgc-sgb-cb wp-block-pgcsimplygalleryblock-slider \" data-gallery-id=\"54913008\"style=&quot;min-height:400px&quot;><div class=\"sgb-preloader\" id=\"pr_54913008\">\n\t<div class=\"sgb-square\" style=\"background:#d4d4d4\"><\/div>\n\t<div class=\"sgb-square\" style=\"background:#d4d4d4\"><\/div>\n\t<div class=\"sgb-square\" style=\"background:#d4d4d4\"><\/div>\n\t<div class=\"sgb-square\" style=\"background:#d4d4d4\"><\/div><\/div><div class=\"simply-gallery-amp pgc_sgb_slider \"><noscript><div class=\"sgb-gallery\"><div class=\"sgb-item\"><a href=\"https:\/\/ea-velbert.de\/?attachment_id=994\" target=\"_blank\"><img decoding=\"async\" alt=\"\" width=\"300\" height=\"169\" loading=\"lazy\" src=\"http:\/\/ea-velbert.de\/wp-content\/uploads\/2025\/02\/2025_01_19-AGW_ACK_Gebetswoche_Pilgerweg_Foto_Artur-Wiebe-8384-300x169.jpg\" srcset=\"http:\/\/ea-velbert.de\/wp-content\/uploads\/2025\/02\/2025_01_19-AGW_ACK_Gebetswoche_Pilgerweg_Foto_Artur-Wiebe-8384-300x169.jpg 300w,http:\/\/ea-velbert.de\/wp-content\/uploads\/2025\/02\/2025_01_19-AGW_ACK_Gebetswoche_Pilgerweg_Foto_Artur-Wiebe-8384-1024x576.jpg 1024w,http:\/\/ea-velbert.de\/wp-content\/uploads\/2025\/02\/2025_01_19-AGW_ACK_Gebetswoche_Pilgerweg_Foto_Artur-Wiebe-8384-scaled.jpg 2560w\" sizes=\"auto, 250px\"\/><\/a><\/div><div class=\"sgb-item\"><a href=\"https:\/\/ea-velbert.de\/?attachment_id=993\" target=\"_blank\"><img decoding=\"async\" alt=\"\" width=\"300\" height=\"169\" loading=\"lazy\" src=\"http:\/\/ea-velbert.de\/wp-content\/uploads\/2025\/02\/2025_01_19-AGW_ACK_Gebetswoche_Pilgerweg_Foto_Artur-Wiebe-8376-1-300x169.jpg\" srcset=\"http:\/\/ea-velbert.de\/wp-content\/uploads\/2025\/02\/2025_01_19-AGW_ACK_Gebetswoche_Pilgerweg_Foto_Artur-Wiebe-8376-1-300x169.jpg 300w,http:\/\/ea-velbert.de\/wp-content\/uploads\/2025\/02\/2025_01_19-AGW_ACK_Gebetswoche_Pilgerweg_Foto_Artur-Wiebe-8376-1-1024x576.jpg 1024w,http:\/\/ea-velbert.de\/wp-content\/uploads\/2025\/02\/2025_01_19-AGW_ACK_Gebetswoche_Pilgerweg_Foto_Artur-Wiebe-8376-1-scaled.jpg 2560w\" sizes=\"auto, 250px\"\/><\/a><\/div><div class=\"sgb-item\"><a href=\"https:\/\/ea-velbert.de\/?attachment_id=984\" target=\"_blank\"><img decoding=\"async\" alt=\"\" width=\"300\" height=\"169\" loading=\"lazy\" src=\"http:\/\/ea-velbert.de\/wp-content\/uploads\/2025\/02\/2025_01_19-AGW_ACK_Gebetswoche_Pilgerweg_Foto_Artur-Wiebe-8396-300x169.jpg\" srcset=\"http:\/\/ea-velbert.de\/wp-content\/uploads\/2025\/02\/2025_01_19-AGW_ACK_Gebetswoche_Pilgerweg_Foto_Artur-Wiebe-8396-300x169.jpg 300w,http:\/\/ea-velbert.de\/wp-content\/uploads\/2025\/02\/2025_01_19-AGW_ACK_Gebetswoche_Pilgerweg_Foto_Artur-Wiebe-8396-1024x576.jpg 1024w,http:\/\/ea-velbert.de\/wp-content\/uploads\/2025\/02\/2025_01_19-AGW_ACK_Gebetswoche_Pilgerweg_Foto_Artur-Wiebe-8396-scaled.jpg 2560w\" sizes=\"auto, 250px\"\/><\/a><\/div><div class=\"sgb-item\"><a href=\"https:\/\/ea-velbert.de\/?attachment_id=1001\" target=\"_blank\"><img decoding=\"async\" alt=\"\" width=\"300\" height=\"200\" loading=\"lazy\" src=\"http:\/\/ea-velbert.de\/wp-content\/uploads\/2025\/02\/2025_01_19-AGW_ACK_Gebetswoche_Pilgerweg_Foto_Artur-Wiebe-8398-300x200.jpg\" srcset=\"http:\/\/ea-velbert.de\/wp-content\/uploads\/2025\/02\/2025_01_19-AGW_ACK_Gebetswoche_Pilgerweg_Foto_Artur-Wiebe-8398-300x200.jpg 300w,http:\/\/ea-velbert.de\/wp-content\/uploads\/2025\/02\/2025_01_19-AGW_ACK_Gebetswoche_Pilgerweg_Foto_Artur-Wiebe-8398-1024x681.jpg 1024w,http:\/\/ea-velbert.de\/wp-content\/uploads\/2025\/02\/2025_01_19-AGW_ACK_Gebetswoche_Pilgerweg_Foto_Artur-Wiebe-8398-scaled.jpg 2560w\" sizes=\"auto, 250px\"\/><\/a><\/div><div class=\"sgb-item\"><a href=\"https:\/\/ea-velbert.de\/?attachment_id=1002\" target=\"_blank\"><img decoding=\"async\" alt=\"\" width=\"300\" height=\"200\" loading=\"lazy\" src=\"http:\/\/ea-velbert.de\/wp-content\/uploads\/2025\/02\/2025_01_19-AGW_ACK_Gebetswoche_Pilgerweg_Foto_Artur-Wiebe-8399-300x200.jpg\" srcset=\"http:\/\/ea-velbert.de\/wp-content\/uploads\/2025\/02\/2025_01_19-AGW_ACK_Gebetswoche_Pilgerweg_Foto_Artur-Wiebe-8399-300x200.jpg 300w,http:\/\/ea-velbert.de\/wp-content\/uploads\/2025\/02\/2025_01_19-AGW_ACK_Gebetswoche_Pilgerweg_Foto_Artur-Wiebe-8399-1024x681.jpg 1024w,http:\/\/ea-velbert.de\/wp-content\/uploads\/2025\/02\/2025_01_19-AGW_ACK_Gebetswoche_Pilgerweg_Foto_Artur-Wiebe-8399-scaled.jpg 2560w\" sizes=\"auto, 250px\"\/><\/a><\/div><div class=\"sgb-item\"><a href=\"https:\/\/ea-velbert.de\/?attachment_id=1003\" target=\"_blank\"><img decoding=\"async\" alt=\"\" width=\"300\" height=\"200\" loading=\"lazy\" src=\"http:\/\/ea-velbert.de\/wp-content\/uploads\/2025\/02\/2025_01_19-AGW_ACK_Gebetswoche_Pilgerweg_Foto_Artur-Wiebe-8401-300x200.jpg\" srcset=\"http:\/\/ea-velbert.de\/wp-content\/uploads\/2025\/02\/2025_01_19-AGW_ACK_Gebetswoche_Pilgerweg_Foto_Artur-Wiebe-8401-300x200.jpg 300w,http:\/\/ea-velbert.de\/wp-content\/uploads\/2025\/02\/2025_01_19-AGW_ACK_Gebetswoche_Pilgerweg_Foto_Artur-Wiebe-8401-1024x681.jpg 1024w,http:\/\/ea-velbert.de\/wp-content\/uploads\/2025\/02\/2025_01_19-AGW_ACK_Gebetswoche_Pilgerweg_Foto_Artur-Wiebe-8401-scaled.jpg 2560w\" sizes=\"auto, 250px\"\/><\/a><\/div><div class=\"sgb-item\"><a href=\"https:\/\/ea-velbert.de\/?attachment_id=1004\" target=\"_blank\"><img decoding=\"async\" alt=\"\" width=\"300\" height=\"200\" loading=\"lazy\" src=\"http:\/\/ea-velbert.de\/wp-content\/uploads\/2025\/02\/2025_01_19-AGW_ACK_Gebetswoche_Pilgerweg_Foto_Artur-Wiebe-8404-300x200.jpg\" srcset=\"http:\/\/ea-velbert.de\/wp-content\/uploads\/2025\/02\/2025_01_19-AGW_ACK_Gebetswoche_Pilgerweg_Foto_Artur-Wiebe-8404-300x200.jpg 300w,http:\/\/ea-velbert.de\/wp-content\/uploads\/2025\/02\/2025_01_19-AGW_ACK_Gebetswoche_Pilgerweg_Foto_Artur-Wiebe-8404-1024x681.jpg 1024w,http:\/\/ea-velbert.de\/wp-content\/uploads\/2025\/02\/2025_01_19-AGW_ACK_Gebetswoche_Pilgerweg_Foto_Artur-Wiebe-8404-scaled.jpg 2560w\" sizes=\"auto, 250px\"\/><\/a><\/div><div class=\"sgb-item\"><a href=\"https:\/\/ea-velbert.de\/?attachment_id=1005\" target=\"_blank\"><img decoding=\"async\" alt=\"\" width=\"300\" height=\"200\" loading=\"lazy\" src=\"http:\/\/ea-velbert.de\/wp-content\/uploads\/2025\/02\/2025_01_19-AGW_ACK_Gebetswoche_Pilgerweg_Foto_Artur-Wiebe-8407-300x200.jpg\" srcset=\"http:\/\/ea-velbert.de\/wp-content\/uploads\/2025\/02\/2025_01_19-AGW_ACK_Gebetswoche_Pilgerweg_Foto_Artur-Wiebe-8407-300x200.jpg 300w,http:\/\/ea-velbert.de\/wp-content\/uploads\/2025\/02\/2025_01_19-AGW_ACK_Gebetswoche_Pilgerweg_Foto_Artur-Wiebe-8407-1024x681.jpg 1024w,http:\/\/ea-velbert.de\/wp-content\/uploads\/2025\/02\/2025_01_19-AGW_ACK_Gebetswoche_Pilgerweg_Foto_Artur-Wiebe-8407-scaled.jpg 2560w\" sizes=\"auto, 250px\"\/><\/a><\/div><div class=\"sgb-item\"><a href=\"https:\/\/ea-velbert.de\/?attachment_id=1006\" target=\"_blank\"><img decoding=\"async\" alt=\"\" width=\"300\" height=\"169\" loading=\"lazy\" src=\"http:\/\/ea-velbert.de\/wp-content\/uploads\/2025\/02\/2025_01_19-AGW_ACK_Gebetswoche_Pilgerweg_Foto_Artur-Wiebe-8412-300x169.jpg\" srcset=\"http:\/\/ea-velbert.de\/wp-content\/uploads\/2025\/02\/2025_01_19-AGW_ACK_Gebetswoche_Pilgerweg_Foto_Artur-Wiebe-8412-300x169.jpg 300w,http:\/\/ea-velbert.de\/wp-content\/uploads\/2025\/02\/2025_01_19-AGW_ACK_Gebetswoche_Pilgerweg_Foto_Artur-Wiebe-8412-1024x576.jpg 1024w,http:\/\/ea-velbert.de\/wp-content\/uploads\/2025\/02\/2025_01_19-AGW_ACK_Gebetswoche_Pilgerweg_Foto_Artur-Wiebe-8412-scaled.jpg 2560w\" sizes=\"auto, 250px\"\/><\/a><\/div><div class=\"sgb-item\"><a href=\"https:\/\/ea-velbert.de\/?attachment_id=1007\" target=\"_blank\"><img decoding=\"async\" alt=\"\" width=\"300\" height=\"169\" loading=\"lazy\" src=\"http:\/\/ea-velbert.de\/wp-content\/uploads\/2025\/02\/2025_01_19-AGW_ACK_Gebetswoche_Pilgerweg_Foto_Artur-Wiebe-8419-300x169.jpg\" srcset=\"http:\/\/ea-velbert.de\/wp-content\/uploads\/2025\/02\/2025_01_19-AGW_ACK_Gebetswoche_Pilgerweg_Foto_Artur-Wiebe-8419-300x169.jpg 300w,http:\/\/ea-velbert.de\/wp-content\/uploads\/2025\/02\/2025_01_19-AGW_ACK_Gebetswoche_Pilgerweg_Foto_Artur-Wiebe-8419-1024x576.jpg 1024w,http:\/\/ea-velbert.de\/wp-content\/uploads\/2025\/02\/2025_01_19-AGW_ACK_Gebetswoche_Pilgerweg_Foto_Artur-Wiebe-8419-scaled.jpg 2560w\" sizes=\"auto, 250px\"\/><\/a><\/div><div class=\"sgb-item\"><a href=\"https:\/\/ea-velbert.de\/?attachment_id=1008\" target=\"_blank\"><img decoding=\"async\" alt=\"\" width=\"300\" height=\"200\" loading=\"lazy\" src=\"http:\/\/ea-velbert.de\/wp-content\/uploads\/2025\/02\/2025_01_19-AGW_ACK_Gebetswoche_Pilgerweg_Foto_Artur-Wiebe-8420-300x200.jpg\" srcset=\"http:\/\/ea-velbert.de\/wp-content\/uploads\/2025\/02\/2025_01_19-AGW_ACK_Gebetswoche_Pilgerweg_Foto_Artur-Wiebe-8420-300x200.jpg 300w,http:\/\/ea-velbert.de\/wp-content\/uploads\/2025\/02\/2025_01_19-AGW_ACK_Gebetswoche_Pilgerweg_Foto_Artur-Wiebe-8420-1024x681.jpg 1024w,http:\/\/ea-velbert.de\/wp-content\/uploads\/2025\/02\/2025_01_19-AGW_ACK_Gebetswoche_Pilgerweg_Foto_Artur-Wiebe-8420-scaled.jpg 2560w\" sizes=\"auto, 250px\"\/><\/a><\/div><div class=\"sgb-item\"><a href=\"https:\/\/ea-velbert.de\/?attachment_id=1009\" target=\"_blank\"><img decoding=\"async\" alt=\"\" width=\"300\" height=\"200\" loading=\"lazy\" src=\"http:\/\/ea-velbert.de\/wp-content\/uploads\/2025\/02\/2025_01_19-AGW_ACK_Gebetswoche_Pilgerweg_Foto_Artur-Wiebe-8421-300x200.jpg\" srcset=\"http:\/\/ea-velbert.de\/wp-content\/uploads\/2025\/02\/2025_01_19-AGW_ACK_Gebetswoche_Pilgerweg_Foto_Artur-Wiebe-8421-300x200.jpg 300w,http:\/\/ea-velbert.de\/wp-content\/uploads\/2025\/02\/2025_01_19-AGW_ACK_Gebetswoche_Pilgerweg_Foto_Artur-Wiebe-8421-1024x681.jpg 1024w,http:\/\/ea-velbert.de\/wp-content\/uploads\/2025\/02\/2025_01_19-AGW_ACK_Gebetswoche_Pilgerweg_Foto_Artur-Wiebe-8421-scaled.jpg 2560w\" sizes=\"auto, 250px\"\/><\/a><\/div><div class=\"sgb-item\"><a href=\"https:\/\/ea-velbert.de\/?attachment_id=1010\" target=\"_blank\"><img decoding=\"async\" alt=\"\" width=\"300\" height=\"169\" loading=\"lazy\" src=\"http:\/\/ea-velbert.de\/wp-content\/uploads\/2025\/02\/2025_01_19-AGW_ACK_Gebetswoche_Pilgerweg_Foto_Artur-Wiebe-8432-300x169.jpg\" srcset=\"http:\/\/ea-velbert.de\/wp-content\/uploads\/2025\/02\/2025_01_19-AGW_ACK_Gebetswoche_Pilgerweg_Foto_Artur-Wiebe-8432-300x169.jpg 300w,http:\/\/ea-velbert.de\/wp-content\/uploads\/2025\/02\/2025_01_19-AGW_ACK_Gebetswoche_Pilgerweg_Foto_Artur-Wiebe-8432-1024x576.jpg 1024w,http:\/\/ea-velbert.de\/wp-content\/uploads\/2025\/02\/2025_01_19-AGW_ACK_Gebetswoche_Pilgerweg_Foto_Artur-Wiebe-8432-scaled.jpg 2560w\" sizes=\"auto, 250px\"\/><\/a><\/div><div class=\"sgb-item\"><a href=\"https:\/\/ea-velbert.de\/?attachment_id=1011\" target=\"_blank\"><img decoding=\"async\" alt=\"\" width=\"300\" height=\"200\" loading=\"lazy\" src=\"http:\/\/ea-velbert.de\/wp-content\/uploads\/2025\/02\/2025_01_19-AGW_ACK_Gebetswoche_Pilgerweg_Foto_Artur-Wiebe-8444-300x200.jpg\" srcset=\"http:\/\/ea-velbert.de\/wp-content\/uploads\/2025\/02\/2025_01_19-AGW_ACK_Gebetswoche_Pilgerweg_Foto_Artur-Wiebe-8444-300x200.jpg 300w,http:\/\/ea-velbert.de\/wp-content\/uploads\/2025\/02\/2025_01_19-AGW_ACK_Gebetswoche_Pilgerweg_Foto_Artur-Wiebe-8444-1024x681.jpg 1024w,http:\/\/ea-velbert.de\/wp-content\/uploads\/2025\/02\/2025_01_19-AGW_ACK_Gebetswoche_Pilgerweg_Foto_Artur-Wiebe-8444-scaled.jpg 2560w\" sizes=\"auto, 250px\"\/><\/a><\/div><div class=\"sgb-item\"><a href=\"https:\/\/ea-velbert.de\/?attachment_id=1012\" target=\"_blank\"><img decoding=\"async\" alt=\"\" width=\"300\" height=\"200\" loading=\"lazy\" src=\"http:\/\/ea-velbert.de\/wp-content\/uploads\/2025\/02\/2025_01_19-AGW_ACK_Gebetswoche_Pilgerweg_Foto_Artur-Wiebe-8448-1-300x200.jpg\" srcset=\"http:\/\/ea-velbert.de\/wp-content\/uploads\/2025\/02\/2025_01_19-AGW_ACK_Gebetswoche_Pilgerweg_Foto_Artur-Wiebe-8448-1-300x200.jpg 300w,http:\/\/ea-velbert.de\/wp-content\/uploads\/2025\/02\/2025_01_19-AGW_ACK_Gebetswoche_Pilgerweg_Foto_Artur-Wiebe-8448-1-1024x681.jpg 1024w,http:\/\/ea-velbert.de\/wp-content\/uploads\/2025\/02\/2025_01_19-AGW_ACK_Gebetswoche_Pilgerweg_Foto_Artur-Wiebe-8448-1-scaled.jpg 2560w\" sizes=\"auto, 250px\"\/><\/a><\/div><div class=\"sgb-item\"><a href=\"https:\/\/ea-velbert.de\/?attachment_id=1013\" target=\"_blank\"><img decoding=\"async\" alt=\"\" width=\"300\" height=\"169\" loading=\"lazy\" src=\"http:\/\/ea-velbert.de\/wp-content\/uploads\/2025\/02\/2025_01_19-AGW_ACK_Gebetswoche_Pilgerweg_Foto_Artur-Wiebe-8455-300x169.jpg\" srcset=\"http:\/\/ea-velbert.de\/wp-content\/uploads\/2025\/02\/2025_01_19-AGW_ACK_Gebetswoche_Pilgerweg_Foto_Artur-Wiebe-8455-300x169.jpg 300w,http:\/\/ea-velbert.de\/wp-content\/uploads\/2025\/02\/2025_01_19-AGW_ACK_Gebetswoche_Pilgerweg_Foto_Artur-Wiebe-8455-1024x576.jpg 1024w,http:\/\/ea-velbert.de\/wp-content\/uploads\/2025\/02\/2025_01_19-AGW_ACK_Gebetswoche_Pilgerweg_Foto_Artur-Wiebe-8455-scaled.jpg 2560w\" sizes=\"auto, 250px\"\/><\/a><\/div><div class=\"sgb-item\"><a href=\"https:\/\/ea-velbert.de\/?attachment_id=1014\" target=\"_blank\"><img decoding=\"async\" alt=\"\" width=\"300\" height=\"200\" loading=\"lazy\" src=\"http:\/\/ea-velbert.de\/wp-content\/uploads\/2025\/02\/2025_01_19-AGW_ACK_Gebetswoche_Pilgerweg_Foto_Artur-Wiebe-8458-300x200.jpg\" srcset=\"http:\/\/ea-velbert.de\/wp-content\/uploads\/2025\/02\/2025_01_19-AGW_ACK_Gebetswoche_Pilgerweg_Foto_Artur-Wiebe-8458-300x200.jpg 300w,http:\/\/ea-velbert.de\/wp-content\/uploads\/2025\/02\/2025_01_19-AGW_ACK_Gebetswoche_Pilgerweg_Foto_Artur-Wiebe-8458-1024x681.jpg 1024w,http:\/\/ea-velbert.de\/wp-content\/uploads\/2025\/02\/2025_01_19-AGW_ACK_Gebetswoche_Pilgerweg_Foto_Artur-Wiebe-8458-scaled.jpg 2560w\" sizes=\"auto, 250px\"\/><\/a><\/div><div class=\"sgb-item\"><a href=\"https:\/\/ea-velbert.de\/?attachment_id=1015\" target=\"_blank\"><img decoding=\"async\" alt=\"\" width=\"300\" height=\"169\" loading=\"lazy\" src=\"http:\/\/ea-velbert.de\/wp-content\/uploads\/2025\/02\/2025_01_19-AGW_ACK_Gebetswoche_Pilgerweg_Foto_Artur-Wiebe-8460-300x169.jpg\" srcset=\"http:\/\/ea-velbert.de\/wp-content\/uploads\/2025\/02\/2025_01_19-AGW_ACK_Gebetswoche_Pilgerweg_Foto_Artur-Wiebe-8460-300x169.jpg 300w,http:\/\/ea-velbert.de\/wp-content\/uploads\/2025\/02\/2025_01_19-AGW_ACK_Gebetswoche_Pilgerweg_Foto_Artur-Wiebe-8460-1024x576.jpg 1024w,http:\/\/ea-velbert.de\/wp-content\/uploads\/2025\/02\/2025_01_19-AGW_ACK_Gebetswoche_Pilgerweg_Foto_Artur-Wiebe-8460-scaled.jpg 2560w\" sizes=\"auto, 250px\"\/><\/a><\/div><div class=\"sgb-item\"><a href=\"https:\/\/ea-velbert.de\/?attachment_id=1016\" target=\"_blank\"><img decoding=\"async\" alt=\"\" width=\"300\" height=\"200\" loading=\"lazy\" src=\"http:\/\/ea-velbert.de\/wp-content\/uploads\/2025\/02\/2025_01_19-AGW_ACK_Gebetswoche_Pilgerweg_Foto_Artur-Wiebe-8463-300x200.jpg\" srcset=\"http:\/\/ea-velbert.de\/wp-content\/uploads\/2025\/02\/2025_01_19-AGW_ACK_Gebetswoche_Pilgerweg_Foto_Artur-Wiebe-8463-300x200.jpg 300w,http:\/\/ea-velbert.de\/wp-content\/uploads\/2025\/02\/2025_01_19-AGW_ACK_Gebetswoche_Pilgerweg_Foto_Artur-Wiebe-8463-1024x681.jpg 1024w,http:\/\/ea-velbert.de\/wp-content\/uploads\/2025\/02\/2025_01_19-AGW_ACK_Gebetswoche_Pilgerweg_Foto_Artur-Wiebe-8463-scaled.jpg 2560w\" sizes=\"auto, 250px\"\/><\/a><\/div><div class=\"sgb-item\"><a href=\"https:\/\/ea-velbert.de\/?attachment_id=1017\" target=\"_blank\"><img decoding=\"async\" alt=\"\" width=\"300\" height=\"200\" loading=\"lazy\" src=\"http:\/\/ea-velbert.de\/wp-content\/uploads\/2025\/02\/2025_01_19-AGW_ACK_Gebetswoche_Pilgerweg_Foto_Artur-Wiebe-8469-300x200.jpg\" srcset=\"http:\/\/ea-velbert.de\/wp-content\/uploads\/2025\/02\/2025_01_19-AGW_ACK_Gebetswoche_Pilgerweg_Foto_Artur-Wiebe-8469-300x200.jpg 300w,http:\/\/ea-velbert.de\/wp-content\/uploads\/2025\/02\/2025_01_19-AGW_ACK_Gebetswoche_Pilgerweg_Foto_Artur-Wiebe-8469-1024x681.jpg 1024w,http:\/\/ea-velbert.de\/wp-content\/uploads\/2025\/02\/2025_01_19-AGW_ACK_Gebetswoche_Pilgerweg_Foto_Artur-Wiebe-8469-scaled.jpg 2560w\" sizes=\"auto, 250px\"\/><\/a><\/div><div class=\"sgb-item\"><a href=\"https:\/\/ea-velbert.de\/?attachment_id=1018\" target=\"_blank\"><img decoding=\"async\" alt=\"\" width=\"300\" height=\"169\" loading=\"lazy\" src=\"http:\/\/ea-velbert.de\/wp-content\/uploads\/2025\/02\/2025_01_19-AGW_ACK_Gebetswoche_Pilgerweg_Foto_Artur-Wiebe-8475-300x169.jpg\" srcset=\"http:\/\/ea-velbert.de\/wp-content\/uploads\/2025\/02\/2025_01_19-AGW_ACK_Gebetswoche_Pilgerweg_Foto_Artur-Wiebe-8475-300x169.jpg 300w,http:\/\/ea-velbert.de\/wp-content\/uploads\/2025\/02\/2025_01_19-AGW_ACK_Gebetswoche_Pilgerweg_Foto_Artur-Wiebe-8475-1024x576.jpg 1024w,http:\/\/ea-velbert.de\/wp-content\/uploads\/2025\/02\/2025_01_19-AGW_ACK_Gebetswoche_Pilgerweg_Foto_Artur-Wiebe-8475-scaled.jpg 2560w\" sizes=\"auto, 250px\"\/><\/a><\/div><div class=\"sgb-item\"><a href=\"https:\/\/ea-velbert.de\/?attachment_id=1019\" target=\"_blank\"><img decoding=\"async\" alt=\"\" width=\"300\" height=\"169\" loading=\"lazy\" src=\"http:\/\/ea-velbert.de\/wp-content\/uploads\/2025\/02\/2025_01_19-AGW_ACK_Gebetswoche_Pilgerweg_Foto_Artur-Wiebe-8476-300x169.jpg\" srcset=\"http:\/\/ea-velbert.de\/wp-content\/uploads\/2025\/02\/2025_01_19-AGW_ACK_Gebetswoche_Pilgerweg_Foto_Artur-Wiebe-8476-300x169.jpg 300w,http:\/\/ea-velbert.de\/wp-content\/uploads\/2025\/02\/2025_01_19-AGW_ACK_Gebetswoche_Pilgerweg_Foto_Artur-Wiebe-8476-1024x576.jpg 1024w,http:\/\/ea-velbert.de\/wp-content\/uploads\/2025\/02\/2025_01_19-AGW_ACK_Gebetswoche_Pilgerweg_Foto_Artur-Wiebe-8476-scaled.jpg 2560w\" sizes=\"auto, 250px\"\/><\/a><\/div><div class=\"sgb-item\"><a href=\"https:\/\/ea-velbert.de\/?attachment_id=1020\" target=\"_blank\"><img decoding=\"async\" alt=\"\" width=\"300\" height=\"169\" loading=\"lazy\" src=\"http:\/\/ea-velbert.de\/wp-content\/uploads\/2025\/02\/2025_01_19-AGW_ACK_Gebetswoche_Pilgerweg_Foto_Artur-Wiebe-8477-300x169.jpg\" srcset=\"http:\/\/ea-velbert.de\/wp-content\/uploads\/2025\/02\/2025_01_19-AGW_ACK_Gebetswoche_Pilgerweg_Foto_Artur-Wiebe-8477-300x169.jpg 300w,http:\/\/ea-velbert.de\/wp-content\/uploads\/2025\/02\/2025_01_19-AGW_ACK_Gebetswoche_Pilgerweg_Foto_Artur-Wiebe-8477-1024x576.jpg 1024w,http:\/\/ea-velbert.de\/wp-content\/uploads\/2025\/02\/2025_01_19-AGW_ACK_Gebetswoche_Pilgerweg_Foto_Artur-Wiebe-8477-scaled.jpg 2560w\" sizes=\"auto, 250px\"\/><\/a><\/div><div class=\"sgb-item\"><a href=\"https:\/\/ea-velbert.de\/?attachment_id=1021\" target=\"_blank\"><img decoding=\"async\" alt=\"\" width=\"300\" height=\"169\" loading=\"lazy\" src=\"http:\/\/ea-velbert.de\/wp-content\/uploads\/2025\/02\/2025_01_19-AGW_ACK_Gebetswoche_Pilgerweg_Foto_Artur-Wiebe-8493-300x169.jpg\" srcset=\"http:\/\/ea-velbert.de\/wp-content\/uploads\/2025\/02\/2025_01_19-AGW_ACK_Gebetswoche_Pilgerweg_Foto_Artur-Wiebe-8493-300x169.jpg 300w,http:\/\/ea-velbert.de\/wp-content\/uploads\/2025\/02\/2025_01_19-AGW_ACK_Gebetswoche_Pilgerweg_Foto_Artur-Wiebe-8493-1024x576.jpg 1024w,http:\/\/ea-velbert.de\/wp-content\/uploads\/2025\/02\/2025_01_19-AGW_ACK_Gebetswoche_Pilgerweg_Foto_Artur-Wiebe-8493-scaled.jpg 2560w\" sizes=\"auto, 250px\"\/><\/a><\/div><div class=\"sgb-item\"><a href=\"https:\/\/ea-velbert.de\/?attachment_id=1022\" target=\"_blank\"><img decoding=\"async\" alt=\"\" width=\"300\" height=\"200\" loading=\"lazy\" src=\"http:\/\/ea-velbert.de\/wp-content\/uploads\/2025\/02\/2025_01_19-AGW_ACK_Gebetswoche_Pilgerweg_Foto_Artur-Wiebe-8498-300x200.jpg\" srcset=\"http:\/\/ea-velbert.de\/wp-content\/uploads\/2025\/02\/2025_01_19-AGW_ACK_Gebetswoche_Pilgerweg_Foto_Artur-Wiebe-8498-300x200.jpg 300w,http:\/\/ea-velbert.de\/wp-content\/uploads\/2025\/02\/2025_01_19-AGW_ACK_Gebetswoche_Pilgerweg_Foto_Artur-Wiebe-8498-1024x681.jpg 1024w,http:\/\/ea-velbert.de\/wp-content\/uploads\/2025\/02\/2025_01_19-AGW_ACK_Gebetswoche_Pilgerweg_Foto_Artur-Wiebe-8498-scaled.jpg 2560w\" sizes=\"auto, 250px\"\/><\/a><\/div><div class=\"sgb-item\"><a href=\"https:\/\/ea-velbert.de\/?attachment_id=1023\" target=\"_blank\"><img decoding=\"async\" alt=\"\" width=\"300\" height=\"169\" loading=\"lazy\" src=\"http:\/\/ea-velbert.de\/wp-content\/uploads\/2025\/02\/2025_01_19-AGW_ACK_Gebetswoche_Pilgerweg_Foto_Artur-Wiebe-8505-300x169.jpg\" srcset=\"http:\/\/ea-velbert.de\/wp-content\/uploads\/2025\/02\/2025_01_19-AGW_ACK_Gebetswoche_Pilgerweg_Foto_Artur-Wiebe-8505-300x169.jpg 300w,http:\/\/ea-velbert.de\/wp-content\/uploads\/2025\/02\/2025_01_19-AGW_ACK_Gebetswoche_Pilgerweg_Foto_Artur-Wiebe-8505-1024x576.jpg 1024w,http:\/\/ea-velbert.de\/wp-content\/uploads\/2025\/02\/2025_01_19-AGW_ACK_Gebetswoche_Pilgerweg_Foto_Artur-Wiebe-8505-scaled.jpg 2560w\" sizes=\"auto, 250px\"\/><\/a><\/div><div class=\"sgb-item\"><a href=\"https:\/\/ea-velbert.de\/?attachment_id=1024\" target=\"_blank\"><img decoding=\"async\" alt=\"\" width=\"300\" height=\"200\" loading=\"lazy\" src=\"http:\/\/ea-velbert.de\/wp-content\/uploads\/2025\/02\/2025_01_19-AGW_ACK_Gebetswoche_Pilgerweg_Foto_Artur-Wiebe-8507-300x200.jpg\" srcset=\"http:\/\/ea-velbert.de\/wp-content\/uploads\/2025\/02\/2025_01_19-AGW_ACK_Gebetswoche_Pilgerweg_Foto_Artur-Wiebe-8507-300x200.jpg 300w,http:\/\/ea-velbert.de\/wp-content\/uploads\/2025\/02\/2025_01_19-AGW_ACK_Gebetswoche_Pilgerweg_Foto_Artur-Wiebe-8507-1024x681.jpg 1024w,http:\/\/ea-velbert.de\/wp-content\/uploads\/2025\/02\/2025_01_19-AGW_ACK_Gebetswoche_Pilgerweg_Foto_Artur-Wiebe-8507-scaled.jpg 2560w\" sizes=\"auto, 250px\"\/><\/a><\/div><div class=\"sgb-item\"><a href=\"https:\/\/ea-velbert.de\/?attachment_id=1025\" target=\"_blank\"><img decoding=\"async\" alt=\"\" width=\"300\" height=\"200\" loading=\"lazy\" src=\"http:\/\/ea-velbert.de\/wp-content\/uploads\/2025\/02\/2025_01_19-AGW_ACK_Gebetswoche_Pilgerweg_Foto_Artur-Wiebe-8509-300x200.jpg\" srcset=\"http:\/\/ea-velbert.de\/wp-content\/uploads\/2025\/02\/2025_01_19-AGW_ACK_Gebetswoche_Pilgerweg_Foto_Artur-Wiebe-8509-300x200.jpg 300w,http:\/\/ea-velbert.de\/wp-content\/uploads\/2025\/02\/2025_01_19-AGW_ACK_Gebetswoche_Pilgerweg_Foto_Artur-Wiebe-8509-1024x681.jpg 1024w,http:\/\/ea-velbert.de\/wp-content\/uploads\/2025\/02\/2025_01_19-AGW_ACK_Gebetswoche_Pilgerweg_Foto_Artur-Wiebe-8509-scaled.jpg 2560w\" sizes=\"auto, 250px\"\/><\/a><\/div><div class=\"sgb-item\"><a href=\"https:\/\/ea-velbert.de\/?attachment_id=1026\" target=\"_blank\"><img decoding=\"async\" alt=\"\" width=\"300\" height=\"200\" loading=\"lazy\" src=\"http:\/\/ea-velbert.de\/wp-content\/uploads\/2025\/02\/2025_01_19-AGW_ACK_Gebetswoche_Pilgerweg_Foto_Artur-Wiebe-8516-300x200.jpg\" srcset=\"http:\/\/ea-velbert.de\/wp-content\/uploads\/2025\/02\/2025_01_19-AGW_ACK_Gebetswoche_Pilgerweg_Foto_Artur-Wiebe-8516-300x200.jpg 300w,http:\/\/ea-velbert.de\/wp-content\/uploads\/2025\/02\/2025_01_19-AGW_ACK_Gebetswoche_Pilgerweg_Foto_Artur-Wiebe-8516-1024x681.jpg 1024w,http:\/\/ea-velbert.de\/wp-content\/uploads\/2025\/02\/2025_01_19-AGW_ACK_Gebetswoche_Pilgerweg_Foto_Artur-Wiebe-8516-scaled.jpg 2560w\" sizes=\"auto, 250px\"\/><\/a><\/div><\/div><\/noscript><\/div><script type=\"application\/json\" class=\"sgb-data\">{\"sliderAdminWidth\":840,\"autoPlay\":true,\"galleryType\":\"pgc_sgb_slider\",\"galleryId\":\"54913008\",\"images\":[{\"id\":994,\"title\":\"2025_01_19 AGW_ACK_Gebetswoche_Pilgerweg_Foto_Artur Wiebe-8384\",\"url\":\"http:\/\/ea-velbert.de\/wp-content\/uploads\/2025\/02\/2025_01_19-AGW_ACK_Gebetswoche_Pilgerweg_Foto_Artur-Wiebe-8384-scaled.jpg\",\"link\":\"https:\/\/ea-velbert.de\/?attachment_id=994\",\"alt\":\"\",\"description\":\"\",\"caption\":\"\",\"mime\":\"image\/jpeg\",\"type\":\"image\",\"width\":2560,\"height\":1440,\"sizes\":{\"thumbnail\":{\"height\":150,\"width\":150,\"url\":\"http:\/\/ea-velbert.de\/wp-content\/uploads\/2025\/02\/2025_01_19-AGW_ACK_Gebetswoche_Pilgerweg_Foto_Artur-Wiebe-8384-150x150.jpg\",\"orientation\":\"landscape\"},\"medium\":{\"height\":169,\"width\":300,\"url\":\"http:\/\/ea-velbert.de\/wp-content\/uploads\/2025\/02\/2025_01_19-AGW_ACK_Gebetswoche_Pilgerweg_Foto_Artur-Wiebe-8384-300x169.jpg\",\"orientation\":\"landscape\"},\"large\":{\"height\":576,\"width\":1024,\"url\":\"http:\/\/ea-velbert.de\/wp-content\/uploads\/2025\/02\/2025_01_19-AGW_ACK_Gebetswoche_Pilgerweg_Foto_Artur-Wiebe-8384-1024x576.jpg\",\"orientation\":\"landscape\"},\"full\":{\"url\":\"http:\/\/ea-velbert.de\/wp-content\/uploads\/2025\/02\/2025_01_19-AGW_ACK_Gebetswoche_Pilgerweg_Foto_Artur-Wiebe-8384-scaled.jpg\",\"height\":1440,\"width\":2560,\"orientation\":\"landscape\"}},\"imageMeta\":{\"aperture\":\"0\",\"credit\":\"\",\"camera\":\"\",\"caption\":\"\",\"created_timestamp\":\"0\",\"copyright\":\"FeG Deutschland | Artur Wiebe\",\"focal_length\":\"0\",\"iso\":\"0\",\"shutter_speed\":\"0\",\"title\":\"\",\"orientation\":\"0\",\"keywords\":[]},\"meta\":false,\"postlink\":\"https:\/\/ea-velbert.de\/?attachment_id=994\"},{\"id\":993,\"title\":\"2025_01_19 AGW_ACK_Gebetswoche_Pilgerweg_Foto_Artur Wiebe-8376\",\"url\":\"http:\/\/ea-velbert.de\/wp-content\/uploads\/2025\/02\/2025_01_19-AGW_ACK_Gebetswoche_Pilgerweg_Foto_Artur-Wiebe-8376-1-scaled.jpg\",\"link\":\"https:\/\/ea-velbert.de\/?attachment_id=993\",\"alt\":\"\",\"description\":\"\",\"caption\":\"\",\"mime\":\"image\/jpeg\",\"type\":\"image\",\"width\":2560,\"height\":1440,\"sizes\":{\"thumbnail\":{\"height\":150,\"width\":150,\"url\":\"http:\/\/ea-velbert.de\/wp-content\/uploads\/2025\/02\/2025_01_19-AGW_ACK_Gebetswoche_Pilgerweg_Foto_Artur-Wiebe-8376-1-150x150.jpg\",\"orientation\":\"landscape\"},\"medium\":{\"height\":169,\"width\":300,\"url\":\"http:\/\/ea-velbert.de\/wp-content\/uploads\/2025\/02\/2025_01_19-AGW_ACK_Gebetswoche_Pilgerweg_Foto_Artur-Wiebe-8376-1-300x169.jpg\",\"orientation\":\"landscape\"},\"large\":{\"height\":576,\"width\":1024,\"url\":\"http:\/\/ea-velbert.de\/wp-content\/uploads\/2025\/02\/2025_01_19-AGW_ACK_Gebetswoche_Pilgerweg_Foto_Artur-Wiebe-8376-1-1024x576.jpg\",\"orientation\":\"landscape\"},\"full\":{\"url\":\"http:\/\/ea-velbert.de\/wp-content\/uploads\/2025\/02\/2025_01_19-AGW_ACK_Gebetswoche_Pilgerweg_Foto_Artur-Wiebe-8376-1-scaled.jpg\",\"height\":1440,\"width\":2560,\"orientation\":\"landscape\"}},\"imageMeta\":{\"aperture\":\"0\",\"credit\":\"\",\"camera\":\"\",\"caption\":\"\",\"created_timestamp\":\"0\",\"copyright\":\"FeG Deutschland | Artur Wiebe\",\"focal_length\":\"0\",\"iso\":\"0\",\"shutter_speed\":\"0\",\"title\":\"\",\"orientation\":\"0\",\"keywords\":[]},\"meta\":false,\"postlink\":\"https:\/\/ea-velbert.de\/?attachment_id=993\"},{\"id\":984,\"title\":\"2025_01_19 AGW_ACK_Gebetswoche_Pilgerweg_Foto_Artur Wiebe-8396\",\"url\":\"http:\/\/ea-velbert.de\/wp-content\/uploads\/2025\/02\/2025_01_19-AGW_ACK_Gebetswoche_Pilgerweg_Foto_Artur-Wiebe-8396-scaled.jpg\",\"link\":\"https:\/\/ea-velbert.de\/?attachment_id=984\",\"alt\":\"\",\"description\":\"\",\"caption\":\"\",\"mime\":\"image\/jpeg\",\"type\":\"image\",\"width\":2560,\"height\":1440,\"sizes\":{\"thumbnail\":{\"height\":150,\"width\":150,\"url\":\"http:\/\/ea-velbert.de\/wp-content\/uploads\/2025\/02\/2025_01_19-AGW_ACK_Gebetswoche_Pilgerweg_Foto_Artur-Wiebe-8396-150x150.jpg\",\"orientation\":\"landscape\"},\"medium\":{\"height\":169,\"width\":300,\"url\":\"http:\/\/ea-velbert.de\/wp-content\/uploads\/2025\/02\/2025_01_19-AGW_ACK_Gebetswoche_Pilgerweg_Foto_Artur-Wiebe-8396-300x169.jpg\",\"orientation\":\"landscape\"},\"large\":{\"height\":576,\"width\":1024,\"url\":\"http:\/\/ea-velbert.de\/wp-content\/uploads\/2025\/02\/2025_01_19-AGW_ACK_Gebetswoche_Pilgerweg_Foto_Artur-Wiebe-8396-1024x576.jpg\",\"orientation\":\"landscape\"},\"full\":{\"url\":\"http:\/\/ea-velbert.de\/wp-content\/uploads\/2025\/02\/2025_01_19-AGW_ACK_Gebetswoche_Pilgerweg_Foto_Artur-Wiebe-8396-scaled.jpg\",\"height\":1440,\"width\":2560,\"orientation\":\"landscape\"}},\"imageMeta\":{\"aperture\":\"0\",\"credit\":\"\",\"camera\":\"\",\"caption\":\"\",\"created_timestamp\":\"0\",\"copyright\":\"FeG Deutschland | Artur Wiebe\",\"focal_length\":\"0\",\"iso\":\"0\",\"shutter_speed\":\"0\",\"title\":\"\",\"orientation\":\"0\",\"keywords\":[]},\"meta\":false,\"postlink\":\"https:\/\/ea-velbert.de\/?attachment_id=984\"},{\"id\":1001,\"title\":\"2025_01_19 AGW_ACK_Gebetswoche_Pilgerweg_Foto_Artur Wiebe-8398\",\"url\":\"http:\/\/ea-velbert.de\/wp-content\/uploads\/2025\/02\/2025_01_19-AGW_ACK_Gebetswoche_Pilgerweg_Foto_Artur-Wiebe-8398-scaled.jpg\",\"link\":\"https:\/\/ea-velbert.de\/?attachment_id=1001\",\"alt\":\"\",\"description\":\"\",\"caption\":\"\",\"mime\":\"image\/jpeg\",\"type\":\"image\",\"width\":2560,\"height\":1703,\"sizes\":{\"thumbnail\":{\"height\":150,\"width\":150,\"url\":\"http:\/\/ea-velbert.de\/wp-content\/uploads\/2025\/02\/2025_01_19-AGW_ACK_Gebetswoche_Pilgerweg_Foto_Artur-Wiebe-8398-150x150.jpg\",\"orientation\":\"landscape\"},\"medium\":{\"height\":200,\"width\":300,\"url\":\"http:\/\/ea-velbert.de\/wp-content\/uploads\/2025\/02\/2025_01_19-AGW_ACK_Gebetswoche_Pilgerweg_Foto_Artur-Wiebe-8398-300x200.jpg\",\"orientation\":\"landscape\"},\"large\":{\"height\":681,\"width\":1024,\"url\":\"http:\/\/ea-velbert.de\/wp-content\/uploads\/2025\/02\/2025_01_19-AGW_ACK_Gebetswoche_Pilgerweg_Foto_Artur-Wiebe-8398-1024x681.jpg\",\"orientation\":\"landscape\"},\"full\":{\"url\":\"http:\/\/ea-velbert.de\/wp-content\/uploads\/2025\/02\/2025_01_19-AGW_ACK_Gebetswoche_Pilgerweg_Foto_Artur-Wiebe-8398-scaled.jpg\",\"height\":1703,\"width\":2560,\"orientation\":\"landscape\"}},\"imageMeta\":{\"aperture\":\"0\",\"credit\":\"\",\"camera\":\"\",\"caption\":\"\",\"created_timestamp\":\"0\",\"copyright\":\"FeG Deutschland | Artur Wiebe\",\"focal_length\":\"0\",\"iso\":\"0\",\"shutter_speed\":\"0\",\"title\":\"\",\"orientation\":\"0\",\"keywords\":[]},\"meta\":false,\"postlink\":\"https:\/\/ea-velbert.de\/?attachment_id=1001\"},{\"id\":1002,\"title\":\"2025_01_19 AGW_ACK_Gebetswoche_Pilgerweg_Foto_Artur Wiebe-8399\",\"url\":\"http:\/\/ea-velbert.de\/wp-content\/uploads\/2025\/02\/2025_01_19-AGW_ACK_Gebetswoche_Pilgerweg_Foto_Artur-Wiebe-8399-scaled.jpg\",\"link\":\"https:\/\/ea-velbert.de\/?attachment_id=1002\",\"alt\":\"\",\"description\":\"\",\"caption\":\"\",\"mime\":\"image\/jpeg\",\"type\":\"image\",\"width\":2560,\"height\":1704,\"sizes\":{\"thumbnail\":{\"height\":150,\"width\":150,\"url\":\"http:\/\/ea-velbert.de\/wp-content\/uploads\/2025\/02\/2025_01_19-AGW_ACK_Gebetswoche_Pilgerweg_Foto_Artur-Wiebe-8399-150x150.jpg\",\"orientation\":\"landscape\"},\"medium\":{\"height\":200,\"width\":300,\"url\":\"http:\/\/ea-velbert.de\/wp-content\/uploads\/2025\/02\/2025_01_19-AGW_ACK_Gebetswoche_Pilgerweg_Foto_Artur-Wiebe-8399-300x200.jpg\",\"orientation\":\"landscape\"},\"large\":{\"height\":681,\"width\":1024,\"url\":\"http:\/\/ea-velbert.de\/wp-content\/uploads\/2025\/02\/2025_01_19-AGW_ACK_Gebetswoche_Pilgerweg_Foto_Artur-Wiebe-8399-1024x681.jpg\",\"orientation\":\"landscape\"},\"full\":{\"url\":\"http:\/\/ea-velbert.de\/wp-content\/uploads\/2025\/02\/2025_01_19-AGW_ACK_Gebetswoche_Pilgerweg_Foto_Artur-Wiebe-8399-scaled.jpg\",\"height\":1704,\"width\":2560,\"orientation\":\"landscape\"}},\"imageMeta\":{\"aperture\":\"0\",\"credit\":\"\",\"camera\":\"\",\"caption\":\"\",\"created_timestamp\":\"0\",\"copyright\":\"FeG Deutschland | Artur Wiebe\",\"focal_length\":\"0\",\"iso\":\"0\",\"shutter_speed\":\"0\",\"title\":\"\",\"orientation\":\"0\",\"keywords\":[]},\"meta\":false,\"postlink\":\"https:\/\/ea-velbert.de\/?attachment_id=1002\"},{\"id\":1003,\"title\":\"2025_01_19 AGW_ACK_Gebetswoche_Pilgerweg_Foto_Artur Wiebe-8401\",\"url\":\"http:\/\/ea-velbert.de\/wp-content\/uploads\/2025\/02\/2025_01_19-AGW_ACK_Gebetswoche_Pilgerweg_Foto_Artur-Wiebe-8401-scaled.jpg\",\"link\":\"https:\/\/ea-velbert.de\/?attachment_id=1003\",\"alt\":\"\",\"description\":\"\",\"caption\":\"\",\"mime\":\"image\/jpeg\",\"type\":\"image\",\"width\":2560,\"height\":1703,\"sizes\":{\"thumbnail\":{\"height\":150,\"width\":150,\"url\":\"http:\/\/ea-velbert.de\/wp-content\/uploads\/2025\/02\/2025_01_19-AGW_ACK_Gebetswoche_Pilgerweg_Foto_Artur-Wiebe-8401-150x150.jpg\",\"orientation\":\"landscape\"},\"medium\":{\"height\":200,\"width\":300,\"url\":\"http:\/\/ea-velbert.de\/wp-content\/uploads\/2025\/02\/2025_01_19-AGW_ACK_Gebetswoche_Pilgerweg_Foto_Artur-Wiebe-8401-300x200.jpg\",\"orientation\":\"landscape\"},\"large\":{\"height\":681,\"width\":1024,\"url\":\"http:\/\/ea-velbert.de\/wp-content\/uploads\/2025\/02\/2025_01_19-AGW_ACK_Gebetswoche_Pilgerweg_Foto_Artur-Wiebe-8401-1024x681.jpg\",\"orientation\":\"landscape\"},\"full\":{\"url\":\"http:\/\/ea-velbert.de\/wp-content\/uploads\/2025\/02\/2025_01_19-AGW_ACK_Gebetswoche_Pilgerweg_Foto_Artur-Wiebe-8401-scaled.jpg\",\"height\":1703,\"width\":2560,\"orientation\":\"landscape\"}},\"imageMeta\":{\"aperture\":\"0\",\"credit\":\"\",\"camera\":\"\",\"caption\":\"\",\"created_timestamp\":\"0\",\"copyright\":\"FeG Deutschland | Artur Wiebe\",\"focal_length\":\"0\",\"iso\":\"0\",\"shutter_speed\":\"0\",\"title\":\"\",\"orientation\":\"0\",\"keywords\":[]},\"meta\":false,\"postlink\":\"https:\/\/ea-velbert.de\/?attachment_id=1003\"},{\"id\":1004,\"title\":\"2025_01_19 AGW_ACK_Gebetswoche_Pilgerweg_Foto_Artur Wiebe-8404\",\"url\":\"http:\/\/ea-velbert.de\/wp-content\/uploads\/2025\/02\/2025_01_19-AGW_ACK_Gebetswoche_Pilgerweg_Foto_Artur-Wiebe-8404-scaled.jpg\",\"link\":\"https:\/\/ea-velbert.de\/?attachment_id=1004\",\"alt\":\"\",\"description\":\"\",\"caption\":\"\",\"mime\":\"image\/jpeg\",\"type\":\"image\",\"width\":2560,\"height\":1704,\"sizes\":{\"thumbnail\":{\"height\":150,\"width\":150,\"url\":\"http:\/\/ea-velbert.de\/wp-content\/uploads\/2025\/02\/2025_01_19-AGW_ACK_Gebetswoche_Pilgerweg_Foto_Artur-Wiebe-8404-150x150.jpg\",\"orientation\":\"landscape\"},\"medium\":{\"height\":200,\"width\":300,\"url\":\"http:\/\/ea-velbert.de\/wp-content\/uploads\/2025\/02\/2025_01_19-AGW_ACK_Gebetswoche_Pilgerweg_Foto_Artur-Wiebe-8404-300x200.jpg\",\"orientation\":\"landscape\"},\"large\":{\"height\":681,\"width\":1024,\"url\":\"http:\/\/ea-velbert.de\/wp-content\/uploads\/2025\/02\/2025_01_19-AGW_ACK_Gebetswoche_Pilgerweg_Foto_Artur-Wiebe-8404-1024x681.jpg\",\"orientation\":\"landscape\"},\"full\":{\"url\":\"http:\/\/ea-velbert.de\/wp-content\/uploads\/2025\/02\/2025_01_19-AGW_ACK_Gebetswoche_Pilgerweg_Foto_Artur-Wiebe-8404-scaled.jpg\",\"height\":1704,\"width\":2560,\"orientation\":\"landscape\"}},\"imageMeta\":{\"aperture\":\"0\",\"credit\":\"\",\"camera\":\"\",\"caption\":\"\",\"created_timestamp\":\"0\",\"copyright\":\"FeG Deutschland | Artur Wiebe\",\"focal_length\":\"0\",\"iso\":\"0\",\"shutter_speed\":\"0\",\"title\":\"\",\"orientation\":\"0\",\"keywords\":[]},\"meta\":false,\"postlink\":\"https:\/\/ea-velbert.de\/?attachment_id=1004\"},{\"id\":1005,\"title\":\"2025_01_19 AGW_ACK_Gebetswoche_Pilgerweg_Foto_Artur Wiebe-8407\",\"url\":\"http:\/\/ea-velbert.de\/wp-content\/uploads\/2025\/02\/2025_01_19-AGW_ACK_Gebetswoche_Pilgerweg_Foto_Artur-Wiebe-8407-scaled.jpg\",\"link\":\"https:\/\/ea-velbert.de\/?attachment_id=1005\",\"alt\":\"\",\"description\":\"\",\"caption\":\"\",\"mime\":\"image\/jpeg\",\"type\":\"image\",\"width\":2560,\"height\":1703,\"sizes\":{\"thumbnail\":{\"height\":150,\"width\":150,\"url\":\"http:\/\/ea-velbert.de\/wp-content\/uploads\/2025\/02\/2025_01_19-AGW_ACK_Gebetswoche_Pilgerweg_Foto_Artur-Wiebe-8407-150x150.jpg\",\"orientation\":\"landscape\"},\"medium\":{\"height\":200,\"width\":300,\"url\":\"http:\/\/ea-velbert.de\/wp-content\/uploads\/2025\/02\/2025_01_19-AGW_ACK_Gebetswoche_Pilgerweg_Foto_Artur-Wiebe-8407-300x200.jpg\",\"orientation\":\"landscape\"},\"large\":{\"height\":681,\"width\":1024,\"url\":\"http:\/\/ea-velbert.de\/wp-content\/uploads\/2025\/02\/2025_01_19-AGW_ACK_Gebetswoche_Pilgerweg_Foto_Artur-Wiebe-8407-1024x681.jpg\",\"orientation\":\"landscape\"},\"full\":{\"url\":\"http:\/\/ea-velbert.de\/wp-content\/uploads\/2025\/02\/2025_01_19-AGW_ACK_Gebetswoche_Pilgerweg_Foto_Artur-Wiebe-8407-scaled.jpg\",\"height\":1703,\"width\":2560,\"orientation\":\"landscape\"}},\"imageMeta\":{\"aperture\":\"0\",\"credit\":\"\",\"camera\":\"\",\"caption\":\"\",\"created_timestamp\":\"0\",\"copyright\":\"FeG Deutschland | Artur Wiebe\",\"focal_length\":\"0\",\"iso\":\"0\",\"shutter_speed\":\"0\",\"title\":\"\",\"orientation\":\"0\",\"keywords\":[]},\"meta\":false,\"postlink\":\"https:\/\/ea-velbert.de\/?attachment_id=1005\"},{\"id\":1006,\"title\":\"2025_01_19 AGW_ACK_Gebetswoche_Pilgerweg_Foto_Artur Wiebe-8412\",\"url\":\"http:\/\/ea-velbert.de\/wp-content\/uploads\/2025\/02\/2025_01_19-AGW_ACK_Gebetswoche_Pilgerweg_Foto_Artur-Wiebe-8412-scaled.jpg\",\"link\":\"https:\/\/ea-velbert.de\/?attachment_id=1006\",\"alt\":\"\",\"description\":\"\",\"caption\":\"\",\"mime\":\"image\/jpeg\",\"type\":\"image\",\"width\":2560,\"height\":1440,\"sizes\":{\"thumbnail\":{\"height\":150,\"width\":150,\"url\":\"http:\/\/ea-velbert.de\/wp-content\/uploads\/2025\/02\/2025_01_19-AGW_ACK_Gebetswoche_Pilgerweg_Foto_Artur-Wiebe-8412-150x150.jpg\",\"orientation\":\"landscape\"},\"medium\":{\"height\":169,\"width\":300,\"url\":\"http:\/\/ea-velbert.de\/wp-content\/uploads\/2025\/02\/2025_01_19-AGW_ACK_Gebetswoche_Pilgerweg_Foto_Artur-Wiebe-8412-300x169.jpg\",\"orientation\":\"landscape\"},\"large\":{\"height\":576,\"width\":1024,\"url\":\"http:\/\/ea-velbert.de\/wp-content\/uploads\/2025\/02\/2025_01_19-AGW_ACK_Gebetswoche_Pilgerweg_Foto_Artur-Wiebe-8412-1024x576.jpg\",\"orientation\":\"landscape\"},\"full\":{\"url\":\"http:\/\/ea-velbert.de\/wp-content\/uploads\/2025\/02\/2025_01_19-AGW_ACK_Gebetswoche_Pilgerweg_Foto_Artur-Wiebe-8412-scaled.jpg\",\"height\":1440,\"width\":2560,\"orientation\":\"landscape\"}},\"imageMeta\":{\"aperture\":\"0\",\"credit\":\"\",\"camera\":\"\",\"caption\":\"\",\"created_timestamp\":\"0\",\"copyright\":\"FeG Deutschland | Artur Wiebe\",\"focal_length\":\"0\",\"iso\":\"0\",\"shutter_speed\":\"0\",\"title\":\"\",\"orientation\":\"0\",\"keywords\":[]},\"meta\":false,\"postlink\":\"https:\/\/ea-velbert.de\/?attachment_id=1006\"},{\"id\":1007,\"title\":\"2025_01_19 AGW_ACK_Gebetswoche_Pilgerweg_Foto_Artur Wiebe-8419\",\"url\":\"http:\/\/ea-velbert.de\/wp-content\/uploads\/2025\/02\/2025_01_19-AGW_ACK_Gebetswoche_Pilgerweg_Foto_Artur-Wiebe-8419-scaled.jpg\",\"link\":\"https:\/\/ea-velbert.de\/?attachment_id=1007\",\"alt\":\"\",\"description\":\"\",\"caption\":\"\",\"mime\":\"image\/jpeg\",\"type\":\"image\",\"width\":2560,\"height\":1440,\"sizes\":{\"thumbnail\":{\"height\":150,\"width\":150,\"url\":\"http:\/\/ea-velbert.de\/wp-content\/uploads\/2025\/02\/2025_01_19-AGW_ACK_Gebetswoche_Pilgerweg_Foto_Artur-Wiebe-8419-150x150.jpg\",\"orientation\":\"landscape\"},\"medium\":{\"height\":169,\"width\":300,\"url\":\"http:\/\/ea-velbert.de\/wp-content\/uploads\/2025\/02\/2025_01_19-AGW_ACK_Gebetswoche_Pilgerweg_Foto_Artur-Wiebe-8419-300x169.jpg\",\"orientation\":\"landscape\"},\"large\":{\"height\":576,\"width\":1024,\"url\":\"http:\/\/ea-velbert.de\/wp-content\/uploads\/2025\/02\/2025_01_19-AGW_ACK_Gebetswoche_Pilgerweg_Foto_Artur-Wiebe-8419-1024x576.jpg\",\"orientation\":\"landscape\"},\"full\":{\"url\":\"http:\/\/ea-velbert.de\/wp-content\/uploads\/2025\/02\/2025_01_19-AGW_ACK_Gebetswoche_Pilgerweg_Foto_Artur-Wiebe-8419-scaled.jpg\",\"height\":1440,\"width\":2560,\"orientation\":\"landscape\"}},\"imageMeta\":{\"aperture\":\"0\",\"credit\":\"\",\"camera\":\"\",\"caption\":\"\",\"created_timestamp\":\"0\",\"copyright\":\"FeG Deutschland | Artur Wiebe\",\"focal_length\":\"0\",\"iso\":\"0\",\"shutter_speed\":\"0\",\"title\":\"\",\"orientation\":\"0\",\"keywords\":[]},\"meta\":false,\"postlink\":\"https:\/\/ea-velbert.de\/?attachment_id=1007\"},{\"id\":1008,\"title\":\"2025_01_19 AGW_ACK_Gebetswoche_Pilgerweg_Foto_Artur Wiebe-8420\",\"url\":\"http:\/\/ea-velbert.de\/wp-content\/uploads\/2025\/02\/2025_01_19-AGW_ACK_Gebetswoche_Pilgerweg_Foto_Artur-Wiebe-8420-scaled.jpg\",\"link\":\"https:\/\/ea-velbert.de\/?attachment_id=1008\",\"alt\":\"\",\"description\":\"\",\"caption\":\"\",\"mime\":\"image\/jpeg\",\"type\":\"image\",\"width\":2560,\"height\":1703,\"sizes\":{\"thumbnail\":{\"height\":150,\"width\":150,\"url\":\"http:\/\/ea-velbert.de\/wp-content\/uploads\/2025\/02\/2025_01_19-AGW_ACK_Gebetswoche_Pilgerweg_Foto_Artur-Wiebe-8420-150x150.jpg\",\"orientation\":\"landscape\"},\"medium\":{\"height\":200,\"width\":300,\"url\":\"http:\/\/ea-velbert.de\/wp-content\/uploads\/2025\/02\/2025_01_19-AGW_ACK_Gebetswoche_Pilgerweg_Foto_Artur-Wiebe-8420-300x200.jpg\",\"orientation\":\"landscape\"},\"large\":{\"height\":681,\"width\":1024,\"url\":\"http:\/\/ea-velbert.de\/wp-content\/uploads\/2025\/02\/2025_01_19-AGW_ACK_Gebetswoche_Pilgerweg_Foto_Artur-Wiebe-8420-1024x681.jpg\",\"orientation\":\"landscape\"},\"full\":{\"url\":\"http:\/\/ea-velbert.de\/wp-content\/uploads\/2025\/02\/2025_01_19-AGW_ACK_Gebetswoche_Pilgerweg_Foto_Artur-Wiebe-8420-scaled.jpg\",\"height\":1703,\"width\":2560,\"orientation\":\"landscape\"}},\"imageMeta\":{\"aperture\":\"0\",\"credit\":\"\",\"camera\":\"\",\"caption\":\"\",\"created_timestamp\":\"0\",\"copyright\":\"FeG Deutschland | Artur Wiebe\",\"focal_length\":\"0\",\"iso\":\"0\",\"shutter_speed\":\"0\",\"title\":\"\",\"orientation\":\"0\",\"keywords\":[]},\"meta\":false,\"postlink\":\"https:\/\/ea-velbert.de\/?attachment_id=1008\"},{\"id\":1009,\"title\":\"2025_01_19 AGW_ACK_Gebetswoche_Pilgerweg_Foto_Artur Wiebe-8421\",\"url\":\"http:\/\/ea-velbert.de\/wp-content\/uploads\/2025\/02\/2025_01_19-AGW_ACK_Gebetswoche_Pilgerweg_Foto_Artur-Wiebe-8421-scaled.jpg\",\"link\":\"https:\/\/ea-velbert.de\/?attachment_id=1009\",\"alt\":\"\",\"description\":\"\",\"caption\":\"\",\"mime\":\"image\/jpeg\",\"type\":\"image\",\"width\":2560,\"height\":1703,\"sizes\":{\"thumbnail\":{\"height\":150,\"width\":150,\"url\":\"http:\/\/ea-velbert.de\/wp-content\/uploads\/2025\/02\/2025_01_19-AGW_ACK_Gebetswoche_Pilgerweg_Foto_Artur-Wiebe-8421-150x150.jpg\",\"orientation\":\"landscape\"},\"medium\":{\"height\":200,\"width\":300,\"url\":\"http:\/\/ea-velbert.de\/wp-content\/uploads\/2025\/02\/2025_01_19-AGW_ACK_Gebetswoche_Pilgerweg_Foto_Artur-Wiebe-8421-300x200.jpg\",\"orientation\":\"landscape\"},\"large\":{\"height\":681,\"width\":1024,\"url\":\"http:\/\/ea-velbert.de\/wp-content\/uploads\/2025\/02\/2025_01_19-AGW_ACK_Gebetswoche_Pilgerweg_Foto_Artur-Wiebe-8421-1024x681.jpg\",\"orientation\":\"landscape\"},\"full\":{\"url\":\"http:\/\/ea-velbert.de\/wp-content\/uploads\/2025\/02\/2025_01_19-AGW_ACK_Gebetswoche_Pilgerweg_Foto_Artur-Wiebe-8421-scaled.jpg\",\"height\":1703,\"width\":2560,\"orientation\":\"landscape\"}},\"imageMeta\":{\"aperture\":\"0\",\"credit\":\"\",\"camera\":\"\",\"caption\":\"\",\"created_timestamp\":\"0\",\"copyright\":\"FeG Deutschland | Artur Wiebe\",\"focal_length\":\"0\",\"iso\":\"0\",\"shutter_speed\":\"0\",\"title\":\"\",\"orientation\":\"0\",\"keywords\":[]},\"meta\":false,\"postlink\":\"https:\/\/ea-velbert.de\/?attachment_id=1009\"},{\"id\":1010,\"title\":\"2025_01_19 AGW_ACK_Gebetswoche_Pilgerweg_Foto_Artur Wiebe-8432\",\"url\":\"http:\/\/ea-velbert.de\/wp-content\/uploads\/2025\/02\/2025_01_19-AGW_ACK_Gebetswoche_Pilgerweg_Foto_Artur-Wiebe-8432-scaled.jpg\",\"link\":\"https:\/\/ea-velbert.de\/?attachment_id=1010\",\"alt\":\"\",\"description\":\"\",\"caption\":\"\",\"mime\":\"image\/jpeg\",\"type\":\"image\",\"width\":2560,\"height\":1440,\"sizes\":{\"thumbnail\":{\"height\":150,\"width\":150,\"url\":\"http:\/\/ea-velbert.de\/wp-content\/uploads\/2025\/02\/2025_01_19-AGW_ACK_Gebetswoche_Pilgerweg_Foto_Artur-Wiebe-8432-150x150.jpg\",\"orientation\":\"landscape\"},\"medium\":{\"height\":169,\"width\":300,\"url\":\"http:\/\/ea-velbert.de\/wp-content\/uploads\/2025\/02\/2025_01_19-AGW_ACK_Gebetswoche_Pilgerweg_Foto_Artur-Wiebe-8432-300x169.jpg\",\"orientation\":\"landscape\"},\"large\":{\"height\":576,\"width\":1024,\"url\":\"http:\/\/ea-velbert.de\/wp-content\/uploads\/2025\/02\/2025_01_19-AGW_ACK_Gebetswoche_Pilgerweg_Foto_Artur-Wiebe-8432-1024x576.jpg\",\"orientation\":\"landscape\"},\"full\":{\"url\":\"http:\/\/ea-velbert.de\/wp-content\/uploads\/2025\/02\/2025_01_19-AGW_ACK_Gebetswoche_Pilgerweg_Foto_Artur-Wiebe-8432-scaled.jpg\",\"height\":1440,\"width\":2560,\"orientation\":\"landscape\"}},\"imageMeta\":{\"aperture\":\"0\",\"credit\":\"\",\"camera\":\"\",\"caption\":\"\",\"created_timestamp\":\"0\",\"copyright\":\"FeG Deutschland | Artur Wiebe\",\"focal_length\":\"0\",\"iso\":\"0\",\"shutter_speed\":\"0\",\"title\":\"\",\"orientation\":\"0\",\"keywords\":[]},\"meta\":false,\"postlink\":\"https:\/\/ea-velbert.de\/?attachment_id=1010\"},{\"id\":1011,\"title\":\"2025_01_19 AGW_ACK_Gebetswoche_Pilgerweg_Foto_Artur Wiebe-8444\",\"url\":\"http:\/\/ea-velbert.de\/wp-content\/uploads\/2025\/02\/2025_01_19-AGW_ACK_Gebetswoche_Pilgerweg_Foto_Artur-Wiebe-8444-scaled.jpg\",\"link\":\"https:\/\/ea-velbert.de\/?attachment_id=1011\",\"alt\":\"\",\"description\":\"\",\"caption\":\"\",\"mime\":\"image\/jpeg\",\"type\":\"image\",\"width\":2560,\"height\":1703,\"sizes\":{\"thumbnail\":{\"height\":150,\"width\":150,\"url\":\"http:\/\/ea-velbert.de\/wp-content\/uploads\/2025\/02\/2025_01_19-AGW_ACK_Gebetswoche_Pilgerweg_Foto_Artur-Wiebe-8444-150x150.jpg\",\"orientation\":\"landscape\"},\"medium\":{\"height\":200,\"width\":300,\"url\":\"http:\/\/ea-velbert.de\/wp-content\/uploads\/2025\/02\/2025_01_19-AGW_ACK_Gebetswoche_Pilgerweg_Foto_Artur-Wiebe-8444-300x200.jpg\",\"orientation\":\"landscape\"},\"large\":{\"height\":681,\"width\":1024,\"url\":\"http:\/\/ea-velbert.de\/wp-content\/uploads\/2025\/02\/2025_01_19-AGW_ACK_Gebetswoche_Pilgerweg_Foto_Artur-Wiebe-8444-1024x681.jpg\",\"orientation\":\"landscape\"},\"full\":{\"url\":\"http:\/\/ea-velbert.de\/wp-content\/uploads\/2025\/02\/2025_01_19-AGW_ACK_Gebetswoche_Pilgerweg_Foto_Artur-Wiebe-8444-scaled.jpg\",\"height\":1703,\"width\":2560,\"orientation\":\"landscape\"}},\"imageMeta\":{\"aperture\":\"0\",\"credit\":\"\",\"camera\":\"\",\"caption\":\"\",\"created_timestamp\":\"0\",\"copyright\":\"FeG Deutschland | Artur Wiebe\",\"focal_length\":\"0\",\"iso\":\"0\",\"shutter_speed\":\"0\",\"title\":\"\",\"orientation\":\"0\",\"keywords\":[]},\"meta\":false,\"postlink\":\"https:\/\/ea-velbert.de\/?attachment_id=1011\"},{\"id\":1012,\"title\":\"2025_01_19 AGW_ACK_Gebetswoche_Pilgerweg_Foto_Artur Wiebe-8448\",\"url\":\"http:\/\/ea-velbert.de\/wp-content\/uploads\/2025\/02\/2025_01_19-AGW_ACK_Gebetswoche_Pilgerweg_Foto_Artur-Wiebe-8448-1-scaled.jpg\",\"link\":\"https:\/\/ea-velbert.de\/?attachment_id=1012\",\"alt\":\"\",\"description\":\"\",\"caption\":\"\",\"mime\":\"image\/jpeg\",\"type\":\"image\",\"width\":2560,\"height\":1703,\"sizes\":{\"thumbnail\":{\"height\":150,\"width\":150,\"url\":\"http:\/\/ea-velbert.de\/wp-content\/uploads\/2025\/02\/2025_01_19-AGW_ACK_Gebetswoche_Pilgerweg_Foto_Artur-Wiebe-8448-1-150x150.jpg\",\"orientation\":\"landscape\"},\"medium\":{\"height\":200,\"width\":300,\"url\":\"http:\/\/ea-velbert.de\/wp-content\/uploads\/2025\/02\/2025_01_19-AGW_ACK_Gebetswoche_Pilgerweg_Foto_Artur-Wiebe-8448-1-300x200.jpg\",\"orientation\":\"landscape\"},\"large\":{\"height\":681,\"width\":1024,\"url\":\"http:\/\/ea-velbert.de\/wp-content\/uploads\/2025\/02\/2025_01_19-AGW_ACK_Gebetswoche_Pilgerweg_Foto_Artur-Wiebe-8448-1-1024x681.jpg\",\"orientation\":\"landscape\"},\"full\":{\"url\":\"http:\/\/ea-velbert.de\/wp-content\/uploads\/2025\/02\/2025_01_19-AGW_ACK_Gebetswoche_Pilgerweg_Foto_Artur-Wiebe-8448-1-scaled.jpg\",\"height\":1703,\"width\":2560,\"orientation\":\"landscape\"}},\"imageMeta\":{\"aperture\":\"0\",\"credit\":\"\",\"camera\":\"\",\"caption\":\"\",\"created_timestamp\":\"0\",\"copyright\":\"FeG Deutschland | Artur Wiebe\",\"focal_length\":\"0\",\"iso\":\"0\",\"shutter_speed\":\"0\",\"title\":\"\",\"orientation\":\"0\",\"keywords\":[]},\"meta\":false,\"postlink\":\"https:\/\/ea-velbert.de\/?attachment_id=1012\"},{\"id\":1013,\"title\":\"2025_01_19 AGW_ACK_Gebetswoche_Pilgerweg_Foto_Artur Wiebe-8455\",\"url\":\"http:\/\/ea-velbert.de\/wp-content\/uploads\/2025\/02\/2025_01_19-AGW_ACK_Gebetswoche_Pilgerweg_Foto_Artur-Wiebe-8455-scaled.jpg\",\"link\":\"https:\/\/ea-velbert.de\/?attachment_id=1013\",\"alt\":\"\",\"description\":\"\",\"caption\":\"\",\"mime\":\"image\/jpeg\",\"type\":\"image\",\"width\":2560,\"height\":1440,\"sizes\":{\"thumbnail\":{\"height\":150,\"width\":150,\"url\":\"http:\/\/ea-velbert.de\/wp-content\/uploads\/2025\/02\/2025_01_19-AGW_ACK_Gebetswoche_Pilgerweg_Foto_Artur-Wiebe-8455-150x150.jpg\",\"orientation\":\"landscape\"},\"medium\":{\"height\":169,\"width\":300,\"url\":\"http:\/\/ea-velbert.de\/wp-content\/uploads\/2025\/02\/2025_01_19-AGW_ACK_Gebetswoche_Pilgerweg_Foto_Artur-Wiebe-8455-300x169.jpg\",\"orientation\":\"landscape\"},\"large\":{\"height\":576,\"width\":1024,\"url\":\"http:\/\/ea-velbert.de\/wp-content\/uploads\/2025\/02\/2025_01_19-AGW_ACK_Gebetswoche_Pilgerweg_Foto_Artur-Wiebe-8455-1024x576.jpg\",\"orientation\":\"landscape\"},\"full\":{\"url\":\"http:\/\/ea-velbert.de\/wp-content\/uploads\/2025\/02\/2025_01_19-AGW_ACK_Gebetswoche_Pilgerweg_Foto_Artur-Wiebe-8455-scaled.jpg\",\"height\":1440,\"width\":2560,\"orientation\":\"landscape\"}},\"imageMeta\":{\"aperture\":\"0\",\"credit\":\"\",\"camera\":\"\",\"caption\":\"\",\"created_timestamp\":\"0\",\"copyright\":\"FeG Deutschland | Artur Wiebe\",\"focal_length\":\"0\",\"iso\":\"0\",\"shutter_speed\":\"0\",\"title\":\"\",\"orientation\":\"0\",\"keywords\":[]},\"meta\":false,\"postlink\":\"https:\/\/ea-velbert.de\/?attachment_id=1013\"},{\"id\":1014,\"title\":\"2025_01_19 AGW_ACK_Gebetswoche_Pilgerweg_Foto_Artur Wiebe-8458\",\"url\":\"http:\/\/ea-velbert.de\/wp-content\/uploads\/2025\/02\/2025_01_19-AGW_ACK_Gebetswoche_Pilgerweg_Foto_Artur-Wiebe-8458-scaled.jpg\",\"link\":\"https:\/\/ea-velbert.de\/?attachment_id=1014\",\"alt\":\"\",\"description\":\"\",\"caption\":\"\",\"mime\":\"image\/jpeg\",\"type\":\"image\",\"width\":2560,\"height\":1703,\"sizes\":{\"thumbnail\":{\"height\":150,\"width\":150,\"url\":\"http:\/\/ea-velbert.de\/wp-content\/uploads\/2025\/02\/2025_01_19-AGW_ACK_Gebetswoche_Pilgerweg_Foto_Artur-Wiebe-8458-150x150.jpg\",\"orientation\":\"landscape\"},\"medium\":{\"height\":200,\"width\":300,\"url\":\"http:\/\/ea-velbert.de\/wp-content\/uploads\/2025\/02\/2025_01_19-AGW_ACK_Gebetswoche_Pilgerweg_Foto_Artur-Wiebe-8458-300x200.jpg\",\"orientation\":\"landscape\"},\"large\":{\"height\":681,\"width\":1024,\"url\":\"http:\/\/ea-velbert.de\/wp-content\/uploads\/2025\/02\/2025_01_19-AGW_ACK_Gebetswoche_Pilgerweg_Foto_Artur-Wiebe-8458-1024x681.jpg\",\"orientation\":\"landscape\"},\"full\":{\"url\":\"http:\/\/ea-velbert.de\/wp-content\/uploads\/2025\/02\/2025_01_19-AGW_ACK_Gebetswoche_Pilgerweg_Foto_Artur-Wiebe-8458-scaled.jpg\",\"height\":1703,\"width\":2560,\"orientation\":\"landscape\"}},\"imageMeta\":{\"aperture\":\"0\",\"credit\":\"\",\"camera\":\"\",\"caption\":\"\",\"created_timestamp\":\"0\",\"copyright\":\"FeG Deutschland | Artur Wiebe\",\"focal_length\":\"0\",\"iso\":\"0\",\"shutter_speed\":\"0\",\"title\":\"\",\"orientation\":\"0\",\"keywords\":[]},\"meta\":false,\"postlink\":\"https:\/\/ea-velbert.de\/?attachment_id=1014\"},{\"id\":1015,\"title\":\"2025_01_19 AGW_ACK_Gebetswoche_Pilgerweg_Foto_Artur Wiebe-8460\",\"url\":\"http:\/\/ea-velbert.de\/wp-content\/uploads\/2025\/02\/2025_01_19-AGW_ACK_Gebetswoche_Pilgerweg_Foto_Artur-Wiebe-8460-scaled.jpg\",\"link\":\"https:\/\/ea-velbert.de\/?attachment_id=1015\",\"alt\":\"\",\"description\":\"\",\"caption\":\"\",\"mime\":\"image\/jpeg\",\"type\":\"image\",\"width\":2560,\"height\":1440,\"sizes\":{\"thumbnail\":{\"height\":150,\"width\":150,\"url\":\"http:\/\/ea-velbert.de\/wp-content\/uploads\/2025\/02\/2025_01_19-AGW_ACK_Gebetswoche_Pilgerweg_Foto_Artur-Wiebe-8460-150x150.jpg\",\"orientation\":\"landscape\"},\"medium\":{\"height\":169,\"width\":300,\"url\":\"http:\/\/ea-velbert.de\/wp-content\/uploads\/2025\/02\/2025_01_19-AGW_ACK_Gebetswoche_Pilgerweg_Foto_Artur-Wiebe-8460-300x169.jpg\",\"orientation\":\"landscape\"},\"large\":{\"height\":576,\"width\":1024,\"url\":\"http:\/\/ea-velbert.de\/wp-content\/uploads\/2025\/02\/2025_01_19-AGW_ACK_Gebetswoche_Pilgerweg_Foto_Artur-Wiebe-8460-1024x576.jpg\",\"orientation\":\"landscape\"},\"full\":{\"url\":\"http:\/\/ea-velbert.de\/wp-content\/uploads\/2025\/02\/2025_01_19-AGW_ACK_Gebetswoche_Pilgerweg_Foto_Artur-Wiebe-8460-scaled.jpg\",\"height\":1440,\"width\":2560,\"orientation\":\"landscape\"}},\"imageMeta\":{\"aperture\":\"0\",\"credit\":\"\",\"camera\":\"\",\"caption\":\"\",\"created_timestamp\":\"0\",\"copyright\":\"FeG Deutschland | Artur Wiebe\",\"focal_length\":\"0\",\"iso\":\"0\",\"shutter_speed\":\"0\",\"title\":\"\",\"orientation\":\"0\",\"keywords\":[]},\"meta\":false,\"postlink\":\"https:\/\/ea-velbert.de\/?attachment_id=1015\"},{\"id\":1016,\"title\":\"2025_01_19 AGW_ACK_Gebetswoche_Pilgerweg_Foto_Artur Wiebe-8463\",\"url\":\"http:\/\/ea-velbert.de\/wp-content\/uploads\/2025\/02\/2025_01_19-AGW_ACK_Gebetswoche_Pilgerweg_Foto_Artur-Wiebe-8463-scaled.jpg\",\"link\":\"https:\/\/ea-velbert.de\/?attachment_id=1016\",\"alt\":\"\",\"description\":\"\",\"caption\":\"\",\"mime\":\"image\/jpeg\",\"type\":\"image\",\"width\":2560,\"height\":1703,\"sizes\":{\"thumbnail\":{\"height\":150,\"width\":150,\"url\":\"http:\/\/ea-velbert.de\/wp-content\/uploads\/2025\/02\/2025_01_19-AGW_ACK_Gebetswoche_Pilgerweg_Foto_Artur-Wiebe-8463-150x150.jpg\",\"orientation\":\"landscape\"},\"medium\":{\"height\":200,\"width\":300,\"url\":\"http:\/\/ea-velbert.de\/wp-content\/uploads\/2025\/02\/2025_01_19-AGW_ACK_Gebetswoche_Pilgerweg_Foto_Artur-Wiebe-8463-300x200.jpg\",\"orientation\":\"landscape\"},\"large\":{\"height\":681,\"width\":1024,\"url\":\"http:\/\/ea-velbert.de\/wp-content\/uploads\/2025\/02\/2025_01_19-AGW_ACK_Gebetswoche_Pilgerweg_Foto_Artur-Wiebe-8463-1024x681.jpg\",\"orientation\":\"landscape\"},\"full\":{\"url\":\"http:\/\/ea-velbert.de\/wp-content\/uploads\/2025\/02\/2025_01_19-AGW_ACK_Gebetswoche_Pilgerweg_Foto_Artur-Wiebe-8463-scaled.jpg\",\"height\":1703,\"width\":2560,\"orientation\":\"landscape\"}},\"imageMeta\":{\"aperture\":\"0\",\"credit\":\"\",\"camera\":\"\",\"caption\":\"\",\"created_timestamp\":\"0\",\"copyright\":\"FeG Deutschland | Artur Wiebe\",\"focal_length\":\"0\",\"iso\":\"0\",\"shutter_speed\":\"0\",\"title\":\"\",\"orientation\":\"0\",\"keywords\":[]},\"meta\":false,\"postlink\":\"https:\/\/ea-velbert.de\/?attachment_id=1016\"},{\"id\":1017,\"title\":\"2025_01_19 AGW_ACK_Gebetswoche_Pilgerweg_Foto_Artur Wiebe-8469\",\"url\":\"http:\/\/ea-velbert.de\/wp-content\/uploads\/2025\/02\/2025_01_19-AGW_ACK_Gebetswoche_Pilgerweg_Foto_Artur-Wiebe-8469-scaled.jpg\",\"link\":\"https:\/\/ea-velbert.de\/?attachment_id=1017\",\"alt\":\"\",\"description\":\"\",\"caption\":\"\",\"mime\":\"image\/jpeg\",\"type\":\"image\",\"width\":2560,\"height\":1703,\"sizes\":{\"thumbnail\":{\"height\":150,\"width\":150,\"url\":\"http:\/\/ea-velbert.de\/wp-content\/uploads\/2025\/02\/2025_01_19-AGW_ACK_Gebetswoche_Pilgerweg_Foto_Artur-Wiebe-8469-150x150.jpg\",\"orientation\":\"landscape\"},\"medium\":{\"height\":200,\"width\":300,\"url\":\"http:\/\/ea-velbert.de\/wp-content\/uploads\/2025\/02\/2025_01_19-AGW_ACK_Gebetswoche_Pilgerweg_Foto_Artur-Wiebe-8469-300x200.jpg\",\"orientation\":\"landscape\"},\"large\":{\"height\":681,\"width\":1024,\"url\":\"http:\/\/ea-velbert.de\/wp-content\/uploads\/2025\/02\/2025_01_19-AGW_ACK_Gebetswoche_Pilgerweg_Foto_Artur-Wiebe-8469-1024x681.jpg\",\"orientation\":\"landscape\"},\"full\":{\"url\":\"http:\/\/ea-velbert.de\/wp-content\/uploads\/2025\/02\/2025_01_19-AGW_ACK_Gebetswoche_Pilgerweg_Foto_Artur-Wiebe-8469-scaled.jpg\",\"height\":1703,\"width\":2560,\"orientation\":\"landscape\"}},\"imageMeta\":{\"aperture\":\"0\",\"credit\":\"\",\"camera\":\"\",\"caption\":\"\",\"created_timestamp\":\"0\",\"copyright\":\"FeG Deutschland | Artur Wiebe\",\"focal_length\":\"0\",\"iso\":\"0\",\"shutter_speed\":\"0\",\"title\":\"\",\"orientation\":\"0\",\"keywords\":[]},\"meta\":false,\"postlink\":\"https:\/\/ea-velbert.de\/?attachment_id=1017\"},{\"id\":1018,\"title\":\"2025_01_19 AGW_ACK_Gebetswoche_Pilgerweg_Foto_Artur Wiebe-8475\",\"url\":\"http:\/\/ea-velbert.de\/wp-content\/uploads\/2025\/02\/2025_01_19-AGW_ACK_Gebetswoche_Pilgerweg_Foto_Artur-Wiebe-8475-scaled.jpg\",\"link\":\"https:\/\/ea-velbert.de\/?attachment_id=1018\",\"alt\":\"\",\"description\":\"\",\"caption\":\"\",\"mime\":\"image\/jpeg\",\"type\":\"image\",\"width\":2560,\"height\":1440,\"sizes\":{\"thumbnail\":{\"height\":150,\"width\":150,\"url\":\"http:\/\/ea-velbert.de\/wp-content\/uploads\/2025\/02\/2025_01_19-AGW_ACK_Gebetswoche_Pilgerweg_Foto_Artur-Wiebe-8475-150x150.jpg\",\"orientation\":\"landscape\"},\"medium\":{\"height\":169,\"width\":300,\"url\":\"http:\/\/ea-velbert.de\/wp-content\/uploads\/2025\/02\/2025_01_19-AGW_ACK_Gebetswoche_Pilgerweg_Foto_Artur-Wiebe-8475-300x169.jpg\",\"orientation\":\"landscape\"},\"large\":{\"height\":576,\"width\":1024,\"url\":\"http:\/\/ea-velbert.de\/wp-content\/uploads\/2025\/02\/2025_01_19-AGW_ACK_Gebetswoche_Pilgerweg_Foto_Artur-Wiebe-8475-1024x576.jpg\",\"orientation\":\"landscape\"},\"full\":{\"url\":\"http:\/\/ea-velbert.de\/wp-content\/uploads\/2025\/02\/2025_01_19-AGW_ACK_Gebetswoche_Pilgerweg_Foto_Artur-Wiebe-8475-scaled.jpg\",\"height\":1440,\"width\":2560,\"orientation\":\"landscape\"}},\"imageMeta\":{\"aperture\":\"0\",\"credit\":\"\",\"camera\":\"\",\"caption\":\"\",\"created_timestamp\":\"0\",\"copyright\":\"FeG Deutschland | Artur Wiebe\",\"focal_length\":\"0\",\"iso\":\"0\",\"shutter_speed\":\"0\",\"title\":\"\",\"orientation\":\"0\",\"keywords\":[]},\"meta\":false,\"postlink\":\"https:\/\/ea-velbert.de\/?attachment_id=1018\"},{\"id\":1019,\"title\":\"2025_01_19 AGW_ACK_Gebetswoche_Pilgerweg_Foto_Artur Wiebe-8476\",\"url\":\"http:\/\/ea-velbert.de\/wp-content\/uploads\/2025\/02\/2025_01_19-AGW_ACK_Gebetswoche_Pilgerweg_Foto_Artur-Wiebe-8476-scaled.jpg\",\"link\":\"https:\/\/ea-velbert.de\/?attachment_id=1019\",\"alt\":\"\",\"description\":\"\",\"caption\":\"\",\"mime\":\"image\/jpeg\",\"type\":\"image\",\"width\":2560,\"height\":1440,\"sizes\":{\"thumbnail\":{\"height\":150,\"width\":150,\"url\":\"http:\/\/ea-velbert.de\/wp-content\/uploads\/2025\/02\/2025_01_19-AGW_ACK_Gebetswoche_Pilgerweg_Foto_Artur-Wiebe-8476-150x150.jpg\",\"orientation\":\"landscape\"},\"medium\":{\"height\":169,\"width\":300,\"url\":\"http:\/\/ea-velbert.de\/wp-content\/uploads\/2025\/02\/2025_01_19-AGW_ACK_Gebetswoche_Pilgerweg_Foto_Artur-Wiebe-8476-300x169.jpg\",\"orientation\":\"landscape\"},\"large\":{\"height\":576,\"width\":1024,\"url\":\"http:\/\/ea-velbert.de\/wp-content\/uploads\/2025\/02\/2025_01_19-AGW_ACK_Gebetswoche_Pilgerweg_Foto_Artur-Wiebe-8476-1024x576.jpg\",\"orientation\":\"landscape\"},\"full\":{\"url\":\"http:\/\/ea-velbert.de\/wp-content\/uploads\/2025\/02\/2025_01_19-AGW_ACK_Gebetswoche_Pilgerweg_Foto_Artur-Wiebe-8476-scaled.jpg\",\"height\":1440,\"width\":2560,\"orientation\":\"landscape\"}},\"imageMeta\":{\"aperture\":\"0\",\"credit\":\"\",\"camera\":\"\",\"caption\":\"\",\"created_timestamp\":\"0\",\"copyright\":\"FeG Deutschland | Artur Wiebe\",\"focal_length\":\"0\",\"iso\":\"0\",\"shutter_speed\":\"0\",\"title\":\"\",\"orientation\":\"0\",\"keywords\":[]},\"meta\":false,\"postlink\":\"https:\/\/ea-velbert.de\/?attachment_id=1019\"},{\"id\":1020,\"title\":\"2025_01_19 AGW_ACK_Gebetswoche_Pilgerweg_Foto_Artur Wiebe-8477\",\"url\":\"http:\/\/ea-velbert.de\/wp-content\/uploads\/2025\/02\/2025_01_19-AGW_ACK_Gebetswoche_Pilgerweg_Foto_Artur-Wiebe-8477-scaled.jpg\",\"link\":\"https:\/\/ea-velbert.de\/?attachment_id=1020\",\"alt\":\"\",\"description\":\"\",\"caption\":\"\",\"mime\":\"image\/jpeg\",\"type\":\"image\",\"width\":2560,\"height\":1440,\"sizes\":{\"thumbnail\":{\"height\":150,\"width\":150,\"url\":\"http:\/\/ea-velbert.de\/wp-content\/uploads\/2025\/02\/2025_01_19-AGW_ACK_Gebetswoche_Pilgerweg_Foto_Artur-Wiebe-8477-150x150.jpg\",\"orientation\":\"landscape\"},\"medium\":{\"height\":169,\"width\":300,\"url\":\"http:\/\/ea-velbert.de\/wp-content\/uploads\/2025\/02\/2025_01_19-AGW_ACK_Gebetswoche_Pilgerweg_Foto_Artur-Wiebe-8477-300x169.jpg\",\"orientation\":\"landscape\"},\"large\":{\"height\":576,\"width\":1024,\"url\":\"http:\/\/ea-velbert.de\/wp-content\/uploads\/2025\/02\/2025_01_19-AGW_ACK_Gebetswoche_Pilgerweg_Foto_Artur-Wiebe-8477-1024x576.jpg\",\"orientation\":\"landscape\"},\"full\":{\"url\":\"http:\/\/ea-velbert.de\/wp-content\/uploads\/2025\/02\/2025_01_19-AGW_ACK_Gebetswoche_Pilgerweg_Foto_Artur-Wiebe-8477-scaled.jpg\",\"height\":1440,\"width\":2560,\"orientation\":\"landscape\"}},\"imageMeta\":{\"aperture\":\"0\",\"credit\":\"\",\"camera\":\"\",\"caption\":\"\",\"created_timestamp\":\"0\",\"copyright\":\"FeG Deutschland | Artur Wiebe\",\"focal_length\":\"0\",\"iso\":\"0\",\"shutter_speed\":\"0\",\"title\":\"\",\"orientation\":\"0\",\"keywords\":[]},\"meta\":false,\"postlink\":\"https:\/\/ea-velbert.de\/?attachment_id=1020\"},{\"id\":1021,\"title\":\"2025_01_19 AGW_ACK_Gebetswoche_Pilgerweg_Foto_Artur Wiebe-8493\",\"url\":\"http:\/\/ea-velbert.de\/wp-content\/uploads\/2025\/02\/2025_01_19-AGW_ACK_Gebetswoche_Pilgerweg_Foto_Artur-Wiebe-8493-scaled.jpg\",\"link\":\"https:\/\/ea-velbert.de\/?attachment_id=1021\",\"alt\":\"\",\"description\":\"\",\"caption\":\"\",\"mime\":\"image\/jpeg\",\"type\":\"image\",\"width\":2560,\"height\":1440,\"sizes\":{\"thumbnail\":{\"height\":150,\"width\":150,\"url\":\"http:\/\/ea-velbert.de\/wp-content\/uploads\/2025\/02\/2025_01_19-AGW_ACK_Gebetswoche_Pilgerweg_Foto_Artur-Wiebe-8493-150x150.jpg\",\"orientation\":\"landscape\"},\"medium\":{\"height\":169,\"width\":300,\"url\":\"http:\/\/ea-velbert.de\/wp-content\/uploads\/2025\/02\/2025_01_19-AGW_ACK_Gebetswoche_Pilgerweg_Foto_Artur-Wiebe-8493-300x169.jpg\",\"orientation\":\"landscape\"},\"large\":{\"height\":576,\"width\":1024,\"url\":\"http:\/\/ea-velbert.de\/wp-content\/uploads\/2025\/02\/2025_01_19-AGW_ACK_Gebetswoche_Pilgerweg_Foto_Artur-Wiebe-8493-1024x576.jpg\",\"orientation\":\"landscape\"},\"full\":{\"url\":\"http:\/\/ea-velbert.de\/wp-content\/uploads\/2025\/02\/2025_01_19-AGW_ACK_Gebetswoche_Pilgerweg_Foto_Artur-Wiebe-8493-scaled.jpg\",\"height\":1440,\"width\":2560,\"orientation\":\"landscape\"}},\"imageMeta\":{\"aperture\":\"0\",\"credit\":\"\",\"camera\":\"\",\"caption\":\"\",\"created_timestamp\":\"0\",\"copyright\":\"FeG Deutschland | Artur Wiebe\",\"focal_length\":\"0\",\"iso\":\"0\",\"shutter_speed\":\"0\",\"title\":\"\",\"orientation\":\"0\",\"keywords\":[]},\"meta\":false,\"postlink\":\"https:\/\/ea-velbert.de\/?attachment_id=1021\"},{\"id\":1022,\"title\":\"2025_01_19 AGW_ACK_Gebetswoche_Pilgerweg_Foto_Artur Wiebe-8498\",\"url\":\"http:\/\/ea-velbert.de\/wp-content\/uploads\/2025\/02\/2025_01_19-AGW_ACK_Gebetswoche_Pilgerweg_Foto_Artur-Wiebe-8498-scaled.jpg\",\"link\":\"https:\/\/ea-velbert.de\/?attachment_id=1022\",\"alt\":\"\",\"description\":\"\",\"caption\":\"\",\"mime\":\"image\/jpeg\",\"type\":\"image\",\"width\":2560,\"height\":1703,\"sizes\":{\"thumbnail\":{\"height\":150,\"width\":150,\"url\":\"http:\/\/ea-velbert.de\/wp-content\/uploads\/2025\/02\/2025_01_19-AGW_ACK_Gebetswoche_Pilgerweg_Foto_Artur-Wiebe-8498-150x150.jpg\",\"orientation\":\"landscape\"},\"medium\":{\"height\":200,\"width\":300,\"url\":\"http:\/\/ea-velbert.de\/wp-content\/uploads\/2025\/02\/2025_01_19-AGW_ACK_Gebetswoche_Pilgerweg_Foto_Artur-Wiebe-8498-300x200.jpg\",\"orientation\":\"landscape\"},\"large\":{\"height\":681,\"width\":1024,\"url\":\"http:\/\/ea-velbert.de\/wp-content\/uploads\/2025\/02\/2025_01_19-AGW_ACK_Gebetswoche_Pilgerweg_Foto_Artur-Wiebe-8498-1024x681.jpg\",\"orientation\":\"landscape\"},\"full\":{\"url\":\"http:\/\/ea-velbert.de\/wp-content\/uploads\/2025\/02\/2025_01_19-AGW_ACK_Gebetswoche_Pilgerweg_Foto_Artur-Wiebe-8498-scaled.jpg\",\"height\":1703,\"width\":2560,\"orientation\":\"landscape\"}},\"imageMeta\":{\"aperture\":\"0\",\"credit\":\"\",\"camera\":\"\",\"caption\":\"\",\"created_timestamp\":\"0\",\"copyright\":\"FeG Deutschland | Artur Wiebe\",\"focal_length\":\"0\",\"iso\":\"0\",\"shutter_speed\":\"0\",\"title\":\"\",\"orientation\":\"0\",\"keywords\":[]},\"meta\":false,\"postlink\":\"https:\/\/ea-velbert.de\/?attachment_id=1022\"},{\"id\":1023,\"title\":\"2025_01_19 AGW_ACK_Gebetswoche_Pilgerweg_Foto_Artur Wiebe-8505\",\"url\":\"http:\/\/ea-velbert.de\/wp-content\/uploads\/2025\/02\/2025_01_19-AGW_ACK_Gebetswoche_Pilgerweg_Foto_Artur-Wiebe-8505-scaled.jpg\",\"link\":\"https:\/\/ea-velbert.de\/?attachment_id=1023\",\"alt\":\"\",\"description\":\"\",\"caption\":\"\",\"mime\":\"image\/jpeg\",\"type\":\"image\",\"width\":2560,\"height\":1440,\"sizes\":{\"thumbnail\":{\"height\":150,\"width\":150,\"url\":\"http:\/\/ea-velbert.de\/wp-content\/uploads\/2025\/02\/2025_01_19-AGW_ACK_Gebetswoche_Pilgerweg_Foto_Artur-Wiebe-8505-150x150.jpg\",\"orientation\":\"landscape\"},\"medium\":{\"height\":169,\"width\":300,\"url\":\"http:\/\/ea-velbert.de\/wp-content\/uploads\/2025\/02\/2025_01_19-AGW_ACK_Gebetswoche_Pilgerweg_Foto_Artur-Wiebe-8505-300x169.jpg\",\"orientation\":\"landscape\"},\"large\":{\"height\":576,\"width\":1024,\"url\":\"http:\/\/ea-velbert.de\/wp-content\/uploads\/2025\/02\/2025_01_19-AGW_ACK_Gebetswoche_Pilgerweg_Foto_Artur-Wiebe-8505-1024x576.jpg\",\"orientation\":\"landscape\"},\"full\":{\"url\":\"http:\/\/ea-velbert.de\/wp-content\/uploads\/2025\/02\/2025_01_19-AGW_ACK_Gebetswoche_Pilgerweg_Foto_Artur-Wiebe-8505-scaled.jpg\",\"height\":1440,\"width\":2560,\"orientation\":\"landscape\"}},\"imageMeta\":{\"aperture\":\"0\",\"credit\":\"\",\"camera\":\"\",\"caption\":\"\",\"created_timestamp\":\"0\",\"copyright\":\"FeG Deutschland | Artur Wiebe\",\"focal_length\":\"0\",\"iso\":\"0\",\"shutter_speed\":\"0\",\"title\":\"\",\"orientation\":\"0\",\"keywords\":[]},\"meta\":false,\"postlink\":\"https:\/\/ea-velbert.de\/?attachment_id=1023\"},{\"id\":1024,\"title\":\"2025_01_19 AGW_ACK_Gebetswoche_Pilgerweg_Foto_Artur Wiebe-8507\",\"url\":\"http:\/\/ea-velbert.de\/wp-content\/uploads\/2025\/02\/2025_01_19-AGW_ACK_Gebetswoche_Pilgerweg_Foto_Artur-Wiebe-8507-scaled.jpg\",\"link\":\"https:\/\/ea-velbert.de\/?attachment_id=1024\",\"alt\":\"\",\"description\":\"\",\"caption\":\"\",\"mime\":\"image\/jpeg\",\"type\":\"image\",\"width\":2560,\"height\":1703,\"sizes\":{\"thumbnail\":{\"height\":150,\"width\":150,\"url\":\"http:\/\/ea-velbert.de\/wp-content\/uploads\/2025\/02\/2025_01_19-AGW_ACK_Gebetswoche_Pilgerweg_Foto_Artur-Wiebe-8507-150x150.jpg\",\"orientation\":\"landscape\"},\"medium\":{\"height\":200,\"width\":300,\"url\":\"http:\/\/ea-velbert.de\/wp-content\/uploads\/2025\/02\/2025_01_19-AGW_ACK_Gebetswoche_Pilgerweg_Foto_Artur-Wiebe-8507-300x200.jpg\",\"orientation\":\"landscape\"},\"large\":{\"height\":681,\"width\":1024,\"url\":\"http:\/\/ea-velbert.de\/wp-content\/uploads\/2025\/02\/2025_01_19-AGW_ACK_Gebetswoche_Pilgerweg_Foto_Artur-Wiebe-8507-1024x681.jpg\",\"orientation\":\"landscape\"},\"full\":{\"url\":\"http:\/\/ea-velbert.de\/wp-content\/uploads\/2025\/02\/2025_01_19-AGW_ACK_Gebetswoche_Pilgerweg_Foto_Artur-Wiebe-8507-scaled.jpg\",\"height\":1703,\"width\":2560,\"orientation\":\"landscape\"}},\"imageMeta\":{\"aperture\":\"0\",\"credit\":\"\",\"camera\":\"\",\"caption\":\"\",\"created_timestamp\":\"0\",\"copyright\":\"FeG Deutschland | Artur Wiebe\",\"focal_length\":\"0\",\"iso\":\"0\",\"shutter_speed\":\"0\",\"title\":\"\",\"orientation\":\"0\",\"keywords\":[]},\"meta\":false,\"postlink\":\"https:\/\/ea-velbert.de\/?attachment_id=1024\"},{\"id\":1025,\"title\":\"2025_01_19 AGW_ACK_Gebetswoche_Pilgerweg_Foto_Artur Wiebe-8509\",\"url\":\"http:\/\/ea-velbert.de\/wp-content\/uploads\/2025\/02\/2025_01_19-AGW_ACK_Gebetswoche_Pilgerweg_Foto_Artur-Wiebe-8509-scaled.jpg\",\"link\":\"https:\/\/ea-velbert.de\/?attachment_id=1025\",\"alt\":\"\",\"description\":\"\",\"caption\":\"\",\"mime\":\"image\/jpeg\",\"type\":\"image\",\"width\":2560,\"height\":1704,\"sizes\":{\"thumbnail\":{\"height\":150,\"width\":150,\"url\":\"http:\/\/ea-velbert.de\/wp-content\/uploads\/2025\/02\/2025_01_19-AGW_ACK_Gebetswoche_Pilgerweg_Foto_Artur-Wiebe-8509-150x150.jpg\",\"orientation\":\"landscape\"},\"medium\":{\"height\":200,\"width\":300,\"url\":\"http:\/\/ea-velbert.de\/wp-content\/uploads\/2025\/02\/2025_01_19-AGW_ACK_Gebetswoche_Pilgerweg_Foto_Artur-Wiebe-8509-300x200.jpg\",\"orientation\":\"landscape\"},\"large\":{\"height\":681,\"width\":1024,\"url\":\"http:\/\/ea-velbert.de\/wp-content\/uploads\/2025\/02\/2025_01_19-AGW_ACK_Gebetswoche_Pilgerweg_Foto_Artur-Wiebe-8509-1024x681.jpg\",\"orientation\":\"landscape\"},\"full\":{\"url\":\"http:\/\/ea-velbert.de\/wp-content\/uploads\/2025\/02\/2025_01_19-AGW_ACK_Gebetswoche_Pilgerweg_Foto_Artur-Wiebe-8509-scaled.jpg\",\"height\":1704,\"width\":2560,\"orientation\":\"landscape\"}},\"imageMeta\":{\"aperture\":\"0\",\"credit\":\"\",\"camera\":\"\",\"caption\":\"\",\"created_timestamp\":\"0\",\"copyright\":\"FeG Deutschland | Artur Wiebe\",\"focal_length\":\"0\",\"iso\":\"0\",\"shutter_speed\":\"0\",\"title\":\"\",\"orientation\":\"0\",\"keywords\":[]},\"meta\":false,\"postlink\":\"https:\/\/ea-velbert.de\/?attachment_id=1025\"},{\"id\":1026,\"title\":\"2025_01_19 AGW_ACK_Gebetswoche_Pilgerweg_Foto_Artur Wiebe-8516\",\"url\":\"http:\/\/ea-velbert.de\/wp-content\/uploads\/2025\/02\/2025_01_19-AGW_ACK_Gebetswoche_Pilgerweg_Foto_Artur-Wiebe-8516-scaled.jpg\",\"link\":\"https:\/\/ea-velbert.de\/?attachment_id=1026\",\"alt\":\"\",\"description\":\"\",\"caption\":\"\",\"mime\":\"image\/jpeg\",\"type\":\"image\",\"width\":2560,\"height\":1703,\"sizes\":{\"thumbnail\":{\"height\":150,\"width\":150,\"url\":\"http:\/\/ea-velbert.de\/wp-content\/uploads\/2025\/02\/2025_01_19-AGW_ACK_Gebetswoche_Pilgerweg_Foto_Artur-Wiebe-8516-150x150.jpg\",\"orientation\":\"landscape\"},\"medium\":{\"height\":200,\"width\":300,\"url\":\"http:\/\/ea-velbert.de\/wp-content\/uploads\/2025\/02\/2025_01_19-AGW_ACK_Gebetswoche_Pilgerweg_Foto_Artur-Wiebe-8516-300x200.jpg\",\"orientation\":\"landscape\"},\"large\":{\"height\":681,\"width\":1024,\"url\":\"http:\/\/ea-velbert.de\/wp-content\/uploads\/2025\/02\/2025_01_19-AGW_ACK_Gebetswoche_Pilgerweg_Foto_Artur-Wiebe-8516-1024x681.jpg\",\"orientation\":\"landscape\"},\"full\":{\"url\":\"http:\/\/ea-velbert.de\/wp-content\/uploads\/2025\/02\/2025_01_19-AGW_ACK_Gebetswoche_Pilgerweg_Foto_Artur-Wiebe-8516-scaled.jpg\",\"height\":1703,\"width\":2560,\"orientation\":\"landscape\"}},\"imageMeta\":{\"aperture\":\"0\",\"credit\":\"\",\"camera\":\"\",\"caption\":\"\",\"created_timestamp\":\"0\",\"copyright\":\"FeG Deutschland | Artur Wiebe\",\"focal_length\":\"0\",\"iso\":\"0\",\"shutter_speed\":\"0\",\"title\":\"\",\"orientation\":\"0\",\"keywords\":[]},\"meta\":false,\"postlink\":\"https:\/\/ea-velbert.de\/?attachment_id=1026\"}],\"sliderItemDownload\":false,\"hasCustomCSS\":false,\"customCSS\":\"\",\"otterConditions\":[],\"itemsMetaDataCollection\":[]}<\/script><script>(function(){if(window.PGC_SGB && window.PGC_SGB.searcher){window.PGC_SGB.searcher.initBlocks()}})()<\/script><\/div><\/code><\/p>\n\n\n\n<p><strong>Fotos:<\/strong> FeG Deutschland | Artur Wiebe &#8211; Mit freundlicher Genehmigung.<\/p>\n","protected":false},"excerpt":{"rendered":"<p>. [19.01.2025] Zwei durchaus unterschiedliche Gottesdienste verkn\u00fcpft durch einen Pilgerweg verbanden in diesem Jahr die Gebetswoche der Ev. Allianz (EAD) und die Gebetswoche zur Einheit der Christen, f\u00fcr die die Arbeitsgemeinschaft Christlicher Kirchen in D (ACK D) verantwortlich zeichnet. Am Morgen sprach Dr. Reinhardt Schink in der Velberter Bleibergquelle \u00fcber [&hellip;]<\/p>\n","protected":false},"author":2,"featured_media":984,"comment_status":"closed","ping_status":"closed","sticky":false,"template":"","format":"standard","meta":{"pgc_sgb_lightbox_settings":"","_themeisle_gutenberg_block_has_review":false,"footnotes":""},"categories":[1],"tags":[],"class_list":["post-982","post","type-post","status-publish","format-standard","has-post-thumbnail","hentry","category-allgemein"],"_links":{"self":[{"href":"https:\/\/ea-velbert.de\/index.php?rest_route=\/wp\/v2\/posts\/982","targetHints":{"allow":["GET"]}}],"collection":[{"href":"https:\/\/ea-velbert.de\/index.php?rest_route=\/wp\/v2\/posts"}],"about":[{"href":"https:\/\/ea-velbert.de\/index.php?rest_route=\/wp\/v2\/types\/post"}],"author":[{"embeddable":true,"href":"https:\/\/ea-velbert.de\/index.php?rest_route=\/wp\/v2\/users\/2"}],"replies":[{"embeddable":true,"href":"https:\/\/ea-velbert.de\/index.php?rest_route=%2Fwp%2Fv2%2Fcomments&post=982"}],"version-history":[{"count":9,"href":"https:\/\/ea-velbert.de\/index.php?rest_route=\/wp\/v2\/posts\/982\/revisions"}],"predecessor-version":[{"id":1034,"href":"https:\/\/ea-velbert.de\/index.php?rest_route=\/wp\/v2\/posts\/982\/revisions\/1034"}],"wp:featuredmedia":[{"embeddable":true,"href":"https:\/\/ea-velbert.de\/index.php?rest_route=\/wp\/v2\/media\/984"}],"wp:attachment":[{"href":"https:\/\/ea-velbert.de\/index.php?rest_route=%2Fwp%2Fv2%2Fmedia&parent=982"}],"wp:term":[{"taxonomy":"category","embeddable":true,"href":"https:\/\/ea-velbert.de\/index.php?rest_route=%2Fwp%2Fv2%2Fcategories&post=982"},{"taxonomy":"post_tag","embeddable":true,"href":"https:\/\/ea-velbert.de\/index.php?rest_route=%2Fwp%2Fv2%2Ftags&post=982"}],"curies":[{"name":"wp","href":"https:\/\/api.w.org\/{rel}","templated":true}]}}